{"id":5502,"date":"2019-07-12T17:00:31","date_gmt":"2019-07-12T15:00:31","guid":{"rendered":"https:\/\/www.monzalecco.lombardia.cisl.it\/?p=5502"},"modified":"2019-07-12T17:00:31","modified_gmt":"2019-07-12T15:00:31","slug":"fallita-la-stema-56-posti-a-rischio","status":"publish","type":"post","link":"https:\/\/www.monzalecco.lombardia.cisl.it\/?p=5502","title":{"rendered":"Fallita la Stema, 56 posti a rischio"},"content":{"rendered":"<p>La Stema, societ\u00e0 che produce ingranaggi per divani letto, \u00e8 fallita. La procedura concorsuale ha portato alla sospensione delle attivit\u00e0 e ci\u00f2 ha colpito direttamente anche i 56 lavoratori che, a partire dal 9 luglio, sono stati sospesi.<\/p>\n<p>\u00abUn altro duro colpo di abbatte sulla piccola comunit\u00e0 di Ronco Briantino gi\u00e0 toccata dalla chiusura della Frigel \u2013 osserva Gabriele Fiore, Fim Cisl Mbl -. Se \u00e8 vero che la Stema ha problemi legati alla mancanza di investimenti negli scorsi anni, \u00e8 anche vero che non \u00e8 un\u2019impresa decotta. Ha un know-how importante che pu\u00f2 permettere la ripresa delle attivit\u00e0\u00bb.<\/p>\n<p>In effetti, l\u2019azienda ha due clienti importanti che garantiscono un certo numero di commesse ogni anno. \u00abGli stessi clienti &#8211; continua Fiore \u2013 ha infatti chiesto al curatore di poter continuare con un esercizio provvisorio e ha annunciato che ci sarebbe l\u2019interessamento all\u2019acquisizione. Adesso siamo in attesa che il curatore si esprima. Da parte sua, lo stesso curatore si \u00e8 detto disponibile a effettuare una valutazione dei costi e quindi prevedere un utilizzo ridotto dell\u2019organico\u00bb.<\/p>\n<p>Intanto, per\u00f2, a Ronco Briantino si \u00e8 aperto un grave problema sociale: 56 famiglie sono rimaste senza reddito e rischiano di dover dipendere dalla concessione della cassa integrazione straordinaria per cessazione di attivit\u00e0. \u00abCome sindacato &#8211; conclude Fiore \u2013 pensiamo che l\u2019azienda abbia un valore sia per le conoscenze di cui \u00e8 in possesso sia per il ruolo occupazionale che riveste. Ecco questo valore non va disperso. Dobbiamo lavorare affinch\u00e9 siano messi in campo tutti gli sforzi possibili per salvare la societ\u00e0 e i posti di lavoro\u00bb. Oggi si \u00e8 tenuto un incontro tra le organizzazioni sindacali e le istituzioni locali e regionali. Il sindacato ha chiesto che la Regione Lombardia finanzi nuovamente l\u2019anticipazione sociale che garantisce una copertura migliore in caso di perdita di lavoro.<\/p>\n<p>Intanto, si va verso un\u2019intesa per la Frigel, altra azienda in crisi di Ronco Briantino. Mercoled\u00ec 17, azienda e sindacato si incontreranno per discutere un\u2019ipotesi di salvataggio della realt\u00e0 brianzola e di almeno una parte dei posti di lavoro.<\/p>\n","protected":false},"excerpt":{"rendered":"<p>La Stema, societ\u00e0 che produce ingranaggi per divani letto, \u00e8 fallita. La procedura concorsuale ha portato alla sospensione delle attivit\u00e0 e ci\u00f2 ha colpito direttamente anche i 56 lavoratori che, a partire dal 9 luglio, sono stati sospesi. \u00abUn altro duro colpo di abbatte sulla piccola comunit\u00e0 di Ronco Briantino gi\u00e0 toccata dalla chiusura della [&hellip;]<\/p>\n","protected":false},"author":5,"featured_media":5503,"comment_status":"closed","ping_status":"open","sticky":false,"template":"","format":"standard","meta":{"footnotes":""},"categories":[1],"tags":[27,394,405],"class_list":{"0":"post-5502","1":"post","2":"type-post","3":"status-publish","4":"format-standard","5":"has-post-thumbnail","7":"category-notizie","8":"tag-fim","9":"tag-ronco-briantino","10":"tag-stema","11":"czr-hentry"},"_links":{"self":[{"href":"https:\/\/www.monzalecco.lombardia.cisl.it\/index.php?rest_route=\/wp\/v2\/posts\/5502","targetHints":{"allow":["GET"]}}],"collection":[{"href":"https:\/\/www.monzalecco.lombardia.cisl.it\/index.php?rest_route=\/wp\/v2\/posts"}],"about":[{"href":"https:\/\/www.monzalecco.lombardia.cisl.it\/index.php?rest_route=\/wp\/v2\/types\/post"}],"author":[{"embeddable":true,"href":"https:\/\/www.monzalecco.lombardia.cisl.it\/index.php?rest_route=\/wp\/v2\/users\/5"}],"replies":[{"embeddable":true,"href":"https:\/\/www.monzalecco.lombardia.cisl.it\/index.php?rest_route=%2Fwp%2Fv2%2Fcomments&post=5502"}],"version-history":[{"count":1,"href":"https:\/\/www.monzalecco.lombardia.cisl.it\/index.php?rest_route=\/wp\/v2\/posts\/5502\/revisions"}],"predecessor-version":[{"id":5504,"href":"https:\/\/www.monzalecco.lombardia.cisl.it\/index.php?rest_route=\/wp\/v2\/posts\/5502\/revisions\/5504"}],"wp:featuredmedia":[{"embeddable":true,"href":"https:\/\/www.monzalecco.lombardia.cisl.it\/index.php?rest_route=\/wp\/v2\/media\/5503"}],"wp:attachment":[{"href":"https:\/\/www.monzalecco.lombardia.cisl.it\/index.php?rest_route=%2Fwp%2Fv2%2Fmedia&parent=5502"}],"wp:term":[{"taxonomy":"category","embeddable":true,"href":"https:\/\/www.monzalecco.lombardia.cisl.it\/index.php?rest_route=%2Fwp%2Fv2%2Fcategories&post=5502"},{"taxonomy":"post_tag","embeddable":true,"href":"https:\/\/www.monzalecco.lombardia.cisl.it\/index.php?rest_route=%2Fwp%2Fv2%2Ftags&post=5502"}],"curies":[{"name":"wp","href":"https:\/\/api.w.org\/{rel}","templated":true}]}}