{"id":5509,"date":"2019-07-15T18:23:31","date_gmt":"2019-07-15T16:23:31","guid":{"rendered":"https:\/\/www.monzalecco.lombardia.cisl.it\/?p=5509"},"modified":"2019-07-15T18:23:31","modified_gmt":"2019-07-15T16:23:31","slug":"sanita-privata-sciopero-a-settembre","status":"publish","type":"post","link":"https:\/\/www.monzalecco.lombardia.cisl.it\/?p=5509","title":{"rendered":"Sanit\u00e0 privata, sciopero a settembre"},"content":{"rendered":"<p>Il comparto della sanit\u00e0 privata incrocer\u00e0 le braccia venerd\u00ec 20 settembre. Lo sciopero \u00e8 stato proclamato da Fp Cgil, Cisl Fp, Uil Fpl per protestare contro lo stato di stallo in cui, dopo 23 mesi di confronto, versa la trattativa per il rinnovo del contratto nazionale del personale non medico delle strutture della sanit\u00e0 privata.<\/p>\n<p>\u00abLe parti datoriali \u2013 spiegano le organizzazioni sindacali \u2013 si rifiutano di avviare un confronto sulla parte economica ma, soprattutto, di mettere a disposizione le necessarie risorse per giungere, finalmente, a un rinnovo che equipari le lavoratrici e i lavoratori della sanit\u00e0 privata accreditata ai colleghi che espletano le medesime funzioni e attivit\u00e0 nelle strutture pubbliche\u00bb.<\/p>\n<p>Durante lo sciopero saranno comunque presente nelle strutture \u00e9quipes a garanzia dei servizi minimi previsti dagli accordi in vigore.<\/p>\n","protected":false},"excerpt":{"rendered":"<p>Il comparto della sanit\u00e0 privata incrocer\u00e0 le braccia venerd\u00ec 20 settembre. Lo sciopero \u00e8 stato proclamato da Fp Cgil, Cisl Fp, Uil Fpl per protestare contro lo stato di stallo in cui, dopo 23 mesi di confronto, versa la trattativa per il rinnovo del contratto nazionale del personale non medico delle strutture della sanit\u00e0 privata. [&hellip;]<\/p>\n","protected":false},"author":5,"featured_media":3938,"comment_status":"closed","ping_status":"open","sticky":false,"template":"","format":"standard","meta":{"footnotes":""},"categories":[1],"tags":[232,203],"class_list":{"0":"post-5509","1":"post","2":"type-post","3":"status-publish","4":"format-standard","5":"has-post-thumbnail","7":"category-notizie","8":"tag-sanita-privata","9":"tag-sciopero","10":"czr-hentry"},"_links":{"self":[{"href":"https:\/\/www.monzalecco.lombardia.cisl.it\/index.php?rest_route=\/wp\/v2\/posts\/5509","targetHints":{"allow":["GET"]}}],"collection":[{"href":"https:\/\/www.monzalecco.lombardia.cisl.it\/index.php?rest_route=\/wp\/v2\/posts"}],"about":[{"href":"https:\/\/www.monzalecco.lombardia.cisl.it\/index.php?rest_route=\/wp\/v2\/types\/post"}],"author":[{"embeddable":true,"href":"https:\/\/www.monzalecco.lombardia.cisl.it\/index.php?rest_route=\/wp\/v2\/users\/5"}],"replies":[{"embeddable":true,"href":"https:\/\/www.monzalecco.lombardia.cisl.it\/index.php?rest_route=%2Fwp%2Fv2%2Fcomments&post=5509"}],"version-history":[{"count":1,"href":"https:\/\/www.monzalecco.lombardia.cisl.it\/index.php?rest_route=\/wp\/v2\/posts\/5509\/revisions"}],"predecessor-version":[{"id":5510,"href":"https:\/\/www.monzalecco.lombardia.cisl.it\/index.php?rest_route=\/wp\/v2\/posts\/5509\/revisions\/5510"}],"wp:featuredmedia":[{"embeddable":true,"href":"https:\/\/www.monzalecco.lombardia.cisl.it\/index.php?rest_route=\/wp\/v2\/media\/3938"}],"wp:attachment":[{"href":"https:\/\/www.monzalecco.lombardia.cisl.it\/index.php?rest_route=%2Fwp%2Fv2%2Fmedia&parent=5509"}],"wp:term":[{"taxonomy":"category","embeddable":true,"href":"https:\/\/www.monzalecco.lombardia.cisl.it\/index.php?rest_route=%2Fwp%2Fv2%2Fcategories&post=5509"},{"taxonomy":"post_tag","embeddable":true,"href":"https:\/\/www.monzalecco.lombardia.cisl.it\/index.php?rest_route=%2Fwp%2Fv2%2Ftags&post=5509"}],"curies":[{"name":"wp","href":"https:\/\/api.w.org\/{rel}","templated":true}]}}