{"id":5526,"date":"2019-07-17T16:03:58","date_gmt":"2019-07-17T14:03:58","guid":{"rendered":"https:\/\/www.monzalecco.lombardia.cisl.it\/?p=5526"},"modified":"2019-07-17T17:49:24","modified_gmt":"2019-07-17T15:49:24","slug":"cig-per-husqvarna-e-maggi","status":"publish","type":"post","link":"https:\/\/www.monzalecco.lombardia.cisl.it\/?p=5526","title":{"rendered":"Accordi per Husqvarna, Maggi, Frigel"},"content":{"rendered":"<p>Tre accordi hanno messo il sigillo alle crisi di Husqvarna di Valmadrera, Maggi Group di Olginate e Frigel di Ronco Briantino.<\/p>\n<p>Luned\u00ec mattina, al ministero del Lavoro e delle Politiche sociali a Roma, \u00e8 stato firmato da Fim, Fiom, Uil, Confindustria, Regione Lombardia e direzione dell\u2019Husqvarna un\u2019intesa che prevede per gli 81 dipendenti dello stabilimento di Valmadrera la cassa integrazione straordinaria per un anno. Nell\u2019accordo \u00e8 prevista anche l\u2019istituzione di politiche attive per ricollocare i lavoratori e, attraverso un advisor messo in campo dall\u2019azienda, ci potrebbe essere la possibilit\u00e0 di trovare realt\u00e0 che vogliano reindustrializzare o portare avanti il lavoro dell\u2019attuale societ\u00e0<\/p>\n<p>Cassa integrazione straordinaria per un anno anche per gli ex dipendenti della Maggi Group di Olginate. Questa cassa permette ai dipendenti di avere un sostegno economico dal 6 giugno 2019 fino al 5 giugno 2020. Anche in questo caso, l\u2019accordo prevede l\u2019attivazione delle politiche attive, finalizzate ad agevolare la ricollocazione dei lavoratori.<\/p>\n<p>Alla Frigel si partiva da una situazione complessa. \u00abIl 5 giugno ricorda Maria Grazia Gallo, Fim Cisl Mbl &#8211; l&#8217;azienda aveva avviato una procedura di licenziamento collettivo dei 27 dipendenti per cessazione di attivit\u00e0. La situazione era quindi particolarmente critica: la fabbrica chiudeva e i lavoratori venivano mandati a casa. Come sindacato ci siamo subito attivati e, dopo numerosi incontri con le controparti, siamo riusciti a far cambiare idea alla direzione\u00bb. L&#8217;intesa firmata questa mattina prevede il mantenimento di un presidio in Brianza con 11 dei 27 lavoratori, quelli con il profilo professionale pi\u00f9 elevato, e 15 esuberi. A questi ultimi sar\u00e0 riconosciuto un incentivo e per loro \u00e8 prevista un&#8217;uscita scaglionata tra settembre e ottobre. \u00abAvevamo chiesto che per gli esuberi si facesse ricorso alla cassa integrazione straordinaria &#8211; conclude Maria Grazia Gallo -. L&#8217;azienda per\u00f2 non ha accettato sostenendo che non c&#8217;erano le condizioni per la cassa. Ci dispiace moltissimo perch\u00e9 ci\u00f2 avrebbe garantito, almeno per un anno, la copertura dei redditi e avrebbe accompagnato due dipendenti alla pensione\u00bb.<\/p>\n","protected":false},"excerpt":{"rendered":"<p>Tre accordi hanno messo il sigillo alle crisi di Husqvarna di Valmadrera, Maggi Group di Olginate e Frigel di Ronco Briantino. Luned\u00ec mattina, al ministero del Lavoro e delle Politiche sociali a Roma, \u00e8 stato firmato da Fim, Fiom, Uil, Confindustria, Regione Lombardia e direzione dell\u2019Husqvarna un\u2019intesa che prevede per gli 81 dipendenti dello stabilimento [&hellip;]<\/p>\n","protected":false},"author":5,"featured_media":5527,"comment_status":"closed","ping_status":"open","sticky":false,"template":"","format":"standard","meta":{"footnotes":""},"categories":[1],"tags":[309,323,305],"class_list":{"0":"post-5526","1":"post","2":"type-post","3":"status-publish","4":"format-standard","5":"has-post-thumbnail","7":"category-notizie","8":"tag-husqvarna","9":"tag-maggi","10":"tag-maggi-catene","11":"czr-hentry"},"_links":{"self":[{"href":"https:\/\/www.monzalecco.lombardia.cisl.it\/index.php?rest_route=\/wp\/v2\/posts\/5526","targetHints":{"allow":["GET"]}}],"collection":[{"href":"https:\/\/www.monzalecco.lombardia.cisl.it\/index.php?rest_route=\/wp\/v2\/posts"}],"about":[{"href":"https:\/\/www.monzalecco.lombardia.cisl.it\/index.php?rest_route=\/wp\/v2\/types\/post"}],"author":[{"embeddable":true,"href":"https:\/\/www.monzalecco.lombardia.cisl.it\/index.php?rest_route=\/wp\/v2\/users\/5"}],"replies":[{"embeddable":true,"href":"https:\/\/www.monzalecco.lombardia.cisl.it\/index.php?rest_route=%2Fwp%2Fv2%2Fcomments&post=5526"}],"version-history":[{"count":3,"href":"https:\/\/www.monzalecco.lombardia.cisl.it\/index.php?rest_route=\/wp\/v2\/posts\/5526\/revisions"}],"predecessor-version":[{"id":5531,"href":"https:\/\/www.monzalecco.lombardia.cisl.it\/index.php?rest_route=\/wp\/v2\/posts\/5526\/revisions\/5531"}],"wp:featuredmedia":[{"embeddable":true,"href":"https:\/\/www.monzalecco.lombardia.cisl.it\/index.php?rest_route=\/wp\/v2\/media\/5527"}],"wp:attachment":[{"href":"https:\/\/www.monzalecco.lombardia.cisl.it\/index.php?rest_route=%2Fwp%2Fv2%2Fmedia&parent=5526"}],"wp:term":[{"taxonomy":"category","embeddable":true,"href":"https:\/\/www.monzalecco.lombardia.cisl.it\/index.php?rest_route=%2Fwp%2Fv2%2Fcategories&post=5526"},{"taxonomy":"post_tag","embeddable":true,"href":"https:\/\/www.monzalecco.lombardia.cisl.it\/index.php?rest_route=%2Fwp%2Fv2%2Ftags&post=5526"}],"curies":[{"name":"wp","href":"https:\/\/api.w.org\/{rel}","templated":true}]}}