{"id":5545,"date":"2019-07-19T17:13:39","date_gmt":"2019-07-19T15:13:39","guid":{"rendered":"https:\/\/www.monzalecco.lombardia.cisl.it\/?p=5545"},"modified":"2019-07-19T17:14:17","modified_gmt":"2019-07-19T15:14:17","slug":"ancora-un-morto-sul-lavoro-basta","status":"publish","type":"post","link":"https:\/\/www.monzalecco.lombardia.cisl.it\/?p=5545","title":{"rendered":"\u00abSette morti sul lavoro: una strage\u00bb"},"content":{"rendered":"<p>Sette morti sul lavoro in sette mesi. Questo il bilancio inaccettabile del 2019 del lavoro in Brianza. Non ce l\u2019ha fatta l\u2019operaio caduto dal tetto di un cascinale in demolizione a Varedo. Il settore delle costruzioni \u00e8 il pi\u00f9 colpito in Brianza dalle morti bianche.<\/p>\n<p>Alla sua famiglia va il cordoglio delle organizzazioni sindacali Cgil, Cisl e Uil di Monza e Brianza che pi\u00f9 volte in questi mesi si sono mobilitate per chiedere maggiore sicurezza sui luoghi di lavoro, pi\u00f9 formazione ai lavoratori e pi\u00f9 controlli nelle aziende e nei cantieri.<\/p>\n<p>Il 7 giugno scorso i Rappresentanti dei lavoratori per la sicurezza (Rls) si erano dati appuntamento per una marcia unitaria: una manifestazione che aveva sfilato per le vie del centro citt\u00e0 al grido \u00abbasta morti sul lavoro\u00bb che si \u00e8 conclusa in prefettura. E proprio con la prefettura i sindacati stanno costruendo un nuovo protocollo a livello provinciale con l\u2019obiettivo di aumentare la capacit\u00e0 di fare sistema di tutti i soggetti territoriali per migliorare la prevenzione degli infortuni.<\/p>\n<p>\u00abUn altro lavoratore non far\u00e0 ritorno a casa in Brianza \u2013 \u00e8 il commento amaro delle segreterie provinciali di Cgil, Cisl e Uil e delle categorie degli edili \u2013. Laboriosa e ricca, la nostra provincia sta mostrando la sua faccia peggiore nella sicurezza sul lavoro. Sette morti dall&#8217;inizio dell&#8217;anno mostrano l&#8217;esigenza di un maggior numero di ispettori e di controlli, oltre alla necessit\u00e0 di un avanzamento culturale\u00bb.<\/p>\n<p>\u00abIl tempo delle discussioni deve essere sostituito con l\u2019agire di tutti i soggetti preposti\u00bb, hanno concluso unitariamente le rappresentanze sindacali.<\/p>\n","protected":false},"excerpt":{"rendered":"<p>Sette morti sul lavoro in sette mesi. Questo il bilancio inaccettabile del 2019 del lavoro in Brianza. Non ce l\u2019ha fatta l\u2019operaio caduto dal tetto di un cascinale in demolizione a Varedo. Il settore delle costruzioni \u00e8 il pi\u00f9 colpito in Brianza dalle morti bianche. Alla sua famiglia va il cordoglio delle organizzazioni sindacali Cgil, [&hellip;]<\/p>\n","protected":false},"author":5,"featured_media":5010,"comment_status":"closed","ping_status":"open","sticky":false,"template":"","format":"standard","meta":{"footnotes":""},"categories":[1],"tags":[23,149,31,408,150],"class_list":{"0":"post-5545","1":"post","2":"type-post","3":"status-publish","4":"format-standard","5":"has-post-thumbnail","7":"category-notizie","8":"tag-brianza","9":"tag-cgil","10":"tag-cisl","11":"tag-morto-sul-lavoro","12":"tag-uil","13":"czr-hentry"},"_links":{"self":[{"href":"https:\/\/www.monzalecco.lombardia.cisl.it\/index.php?rest_route=\/wp\/v2\/posts\/5545","targetHints":{"allow":["GET"]}}],"collection":[{"href":"https:\/\/www.monzalecco.lombardia.cisl.it\/index.php?rest_route=\/wp\/v2\/posts"}],"about":[{"href":"https:\/\/www.monzalecco.lombardia.cisl.it\/index.php?rest_route=\/wp\/v2\/types\/post"}],"author":[{"embeddable":true,"href":"https:\/\/www.monzalecco.lombardia.cisl.it\/index.php?rest_route=\/wp\/v2\/users\/5"}],"replies":[{"embeddable":true,"href":"https:\/\/www.monzalecco.lombardia.cisl.it\/index.php?rest_route=%2Fwp%2Fv2%2Fcomments&post=5545"}],"version-history":[{"count":2,"href":"https:\/\/www.monzalecco.lombardia.cisl.it\/index.php?rest_route=\/wp\/v2\/posts\/5545\/revisions"}],"predecessor-version":[{"id":5547,"href":"https:\/\/www.monzalecco.lombardia.cisl.it\/index.php?rest_route=\/wp\/v2\/posts\/5545\/revisions\/5547"}],"wp:featuredmedia":[{"embeddable":true,"href":"https:\/\/www.monzalecco.lombardia.cisl.it\/index.php?rest_route=\/wp\/v2\/media\/5010"}],"wp:attachment":[{"href":"https:\/\/www.monzalecco.lombardia.cisl.it\/index.php?rest_route=%2Fwp%2Fv2%2Fmedia&parent=5545"}],"wp:term":[{"taxonomy":"category","embeddable":true,"href":"https:\/\/www.monzalecco.lombardia.cisl.it\/index.php?rest_route=%2Fwp%2Fv2%2Fcategories&post=5545"},{"taxonomy":"post_tag","embeddable":true,"href":"https:\/\/www.monzalecco.lombardia.cisl.it\/index.php?rest_route=%2Fwp%2Fv2%2Ftags&post=5545"}],"curies":[{"name":"wp","href":"https:\/\/api.w.org\/{rel}","templated":true}]}}