{"id":5560,"date":"2019-07-22T11:55:16","date_gmt":"2019-07-22T09:55:16","guid":{"rendered":"https:\/\/www.monzalecco.lombardia.cisl.it\/?p=5560"},"modified":"2019-07-22T11:55:16","modified_gmt":"2019-07-22T09:55:16","slug":"finder-adesioni-top-allo-sciopero","status":"publish","type":"post","link":"https:\/\/www.monzalecco.lombardia.cisl.it\/?p=5560","title":{"rendered":"Finder, adesioni top allo sciopero"},"content":{"rendered":"<p>Adesione massiccia allo sciopero indetto da Fim Cisl e Fiom Cgil alla Finder Pompe di Merate (Lc). Organizzazioni sindacali, Rsu e lavoratori hanno, insieme, protestato contro il piano industriale aziendale che prevede la riorganizzazione dello stabilimento meratese e la messa in cassa integrazione dei lavoratori. Il progetto \u00e8 il frutto di una storia travagliata degli ultimi anni.<\/p>\n<p>Societ\u00e0 nata nel 1952 con il nome Pompe Vergani, la Finder Pompe ha vissuto nella sua storia molti cambiamenti, con ricadute non sempre positive per i dipendenti.\u00a0Nel 2013 la Finder Pompe viene acquistata dalla Docver, multinazionale americana interessata a rafforzare con questa acquisizione una delle sue divisioni, la Psg, che si occupa tra l\u2019altro di costruzione pompe per vari usi e potenza con siti in diversi Stati.<\/p>\n<p>La Finder nel 2013 contava 180 dipendenti divisi tra il sito di Querceta (Lucca) ex Cerperlli, con 30-32 dipendenti, e a Merate con 148. Nel 2015 viene sottoscritto il contratto aziendale accompagnato da un piano industriale per gli anni a seguire dove s\u2019indicavano gli obiettivi di crescita del fatturato, della riduzione delle perdite tramite una riorganizzazione. Nel piano non era per\u00f2 prevista alcuna riduzione del personale,<\/p>\n<p>A dicembre 2015 viene comunicato ai rappresentanti dei lavoratori del sito di Querceta che a fine anno (quindi dopo pochi giorni della comunicazione) la cessazione di tutte le attivit\u00e0 con la chiusura dello stabilimento giustificandola con la necessit\u00e0 d\u2019intervenire drasticamente su un prodotto poco redditizio e dove la concorrenza era molto forte (pompa standardizzata). \u00abA noi &#8211; spiega Lorena Silvani, Fim Cisl Mbl &#8211; f\u00f9 spiegato come tale scelta fosse necessaria anche per avere una prospettiva migliore per il sito di Merate, garantendo i livelli occupazionali per il futuro\u00bb.<\/p>\n<p>Il 28 febbraio 2017 la Finder Pompe avvia una procedura di licenziamento collettivo per 39 dipendenti senza alcun preavviso. Dopo scioperi, presidi iniziative varie, sindacato e azienda raggiungono un accordo: il numero di esuberi scende 15, con l\u2019uscita su base volontaria e vengono messi in atto una serie di altri interventi (come per esempio il cambio di mansione per alcuni lavoratori). Questi interventi sono inseriti in un documento in cui sono previsti impegni anche da parte aziendale per rendere pi\u00f9 competitiva l\u2019azienda e ridurre le perdite.<\/p>\n<p>Nel 2018 viene firmato un contratto aziendale con validit\u00e0 tre anni e illustrato il nuovo piano industriale 2018-2020 dove non si prevede alcuna operazione di vendita, ma attraverso una riorganizzazione del modo di operare e con una maggior sinergia all\u2019interno della divisione Psg si cerca di incrementare la redditivit\u00e0 portandola a un valore soddisfacente. \u00abNonostante la riorganizzazione di alcuni uffici &#8211; osserva Lorena Silvani &#8211; non stesse portando a una riduzione delle inefficienze, ma anzi a maggior problemi tanto vero che si ebbero diversi dimissioni tra il personale coinvolto, negli incontri avuti nel 2018 l\u2019azienda ci ha comunicato una inversione di tendenza positiva e l\u2019anno si \u00e8 chiuso con un incrementi di fatturato significativo e sopratutto con un utile lordo di 1.800.000 euro. Nei mesi scorsi per\u00f2 a fronte della presenza in azienda di rappresentanti di societ\u00e0 concorrenti i lavoratori, tramite i loro rappresentanti, hanno chiesto delucidazioni. Ci sono stati due incontri uno a dicembre con l\u2019amministratore delegato Luca Farris, (l\u2019ultimo dei quattro che si sono succeduti alla guida della Finder Pompe dal 2013) e l\u2019altro a gennaio con un responsabile della divisione Psg Europa Bin Xavier dove ci \u00e8 stato rassicurato che erano in corso dei contatti per eventuali accordi di collaborazione commerciale, garantendoci che i lavoratori sarebbero stati informati, nel caso di assunzione d\u2019importanti decisioni\u00bb.<\/p>\n<p>Il 2 aprile 2019 si viene a sapere dal sito della Wpil della vendita della Finder Pompe ad Aturia, societ\u00e0 controllata appunto dalla multinazionale WPIL al prezzo di 24 milioni di dollari. Negli incontri avuti con la nuova dirigenza viene comunicata l\u2019intenzione di trasferire tutto il personale degli uffici circa 65 dipendenti, in una palazzina vicino agli attuali uffici della sede di Gessate, mantenere a Merate un reparto produttivo per la costruzione di un tipo di pompe Api con una sala prove e vendere gli immobili di Merate che non saranno pi\u00f9 utilizzati. Oltre a questo per\u00f2 viene anche comunicato l\u2019avvio di procedura di richiesta di cassa integrazione straordinaria per tutti i 95 dipendenti. Vengono esclusi solo i 4 dirigenti che la normativa non permette che siano compresi. \u00abCi \u00e8 stato inoltre comunicato &#8211; continua la Silvani &#8211; che durante l\u2019anno di utilizzo vorrebbero arrivare a una riduzione di 25-30 persone. Al termine dell\u2019anno di cassa, poi la Finder Pompe sar\u00e0 assorbita da Aturia e non sar\u00e0 pi\u00f9 un\u2019azienda a s\u00e9 ma una divisione del gruppo. A fronte delle nostre richieste per ridurre l\u2019impatto negativo dell\u2019utilizzo della cassa, di un aiuto anche economico e non solo per chi si deve trasferire, la richiesta di condividere un percorso che eviti l\u2019uscita forzata dei lavoratori salvaguardando tutti i posti di lavoro, sono state date solo risposte negative da parte di Aturia che ci hanno costretto a indire le 4 ore di sciopero e denunciare quanto sta avvenendo alla Finder Pompe all\u2019esterno dello stabilimento attraverso un presidio e la convocazione della stampa, perch\u00e9 riteniamo che questo problema del comportamento delle multinazionali non pu\u00f2 essere solo un problema dei lavoratori e del sindacato ma deve essere anche affrontato da chi ha un ruolo istituzionale. Ci aspettiamo pertanto un riscontro anche da parte di questi soggetti pubblici\u00bb.<\/p>\n<p>Il confronto con il rappresentante di Aturia, assistito da Confindustria Lecco, proseguir\u00e0 il 24 luglio (ore 15). \u00abIl giorno dopo, il 25, &#8211; conclude Lorena Silvani &#8211; siamo stati convocati in Regione presso la POLIS, passaggio previsto dalla procedura di cassa. Noi andremo ma, se non cambieranno le condizioni, non firmeremo alcun documento\u00bb.<\/p>\n<div id='gallery-1' class='czr-gallery row flex-row czr-gallery-style gallery galleryid-5560 gallery-columns-3 gallery-size-thumbnail'><figure class='gallery-item col col-auto'>\r\n                        <div class='gallery-icon landscape czr-gallery-icon'>\r\n                              <a href=https:\/\/www.monzalecco.lombardia.cisl.it\/?attachment_id=5562 class=\"bg-link\"><\/a><img loading=\"lazy\" decoding=\"async\" width=\"150\" height=\"150\" src=\"https:\/\/www.monzalecco.lombardia.cisl.it\/wp-content\/uploads\/2019\/07\/67276408_349425882616287_1435425014315745280_n-150x150.jpg\" class=\"attachment-thumbnail size-thumbnail\" alt=\"\" sizes=\"auto, (min-width: 1200px) 255px, (min-width: 992px) 210px, (min-width: 576px) 150px, calc( 50vw - 30px )\" aria-describedby=\"gallery-1-5562\" srcset=\"https:\/\/www.monzalecco.lombardia.cisl.it\/wp-content\/uploads\/2019\/07\/67276408_349425882616287_1435425014315745280_n-150x150.jpg 150w, https:\/\/www.monzalecco.lombardia.cisl.it\/wp-content\/uploads\/2019\/07\/67276408_349425882616287_1435425014315745280_n-510x510.jpg 510w\" \/><div class=\"post-action btn btn-skin-dark-shaded inverted\"><a href=\"https:\/\/www.monzalecco.lombardia.cisl.it\/wp-content\/uploads\/2019\/07\/67276408_349425882616287_1435425014315745280_n.jpg\" class=\"icn-expand\" data-lb-type=\"grouped-gallery\" title=\"Finder Pompe\"><\/a><\/div>\r\n                        <\/div>\r\n                              <figcaption class='wp-caption-text gallery-caption' id='gallery-1-5562'>\r\n                              Finder Pompe\r\n                              <\/figcaption><\/figure><figure class='gallery-item col col-auto'>\r\n                        <div class='gallery-icon landscape czr-gallery-icon'>\r\n                              <a href=https:\/\/www.monzalecco.lombardia.cisl.it\/?attachment_id=5563 class=\"bg-link\"><\/a><img loading=\"lazy\" decoding=\"async\" width=\"150\" height=\"150\" src=\"https:\/\/www.monzalecco.lombardia.cisl.it\/wp-content\/uploads\/2019\/07\/67308078_2324103534573985_6577147432004485120_n-1-150x150.jpg\" class=\"attachment-thumbnail size-thumbnail\" alt=\"\" sizes=\"auto, (min-width: 1200px) 255px, (min-width: 992px) 210px, (min-width: 576px) 150px, calc( 50vw - 30px )\" aria-describedby=\"gallery-1-5563\" srcset=\"https:\/\/www.monzalecco.lombardia.cisl.it\/wp-content\/uploads\/2019\/07\/67308078_2324103534573985_6577147432004485120_n-1-150x150.jpg 150w, https:\/\/www.monzalecco.lombardia.cisl.it\/wp-content\/uploads\/2019\/07\/67308078_2324103534573985_6577147432004485120_n-1-510x510.jpg 510w\" \/><div class=\"post-action btn btn-skin-dark-shaded inverted\"><a href=\"https:\/\/www.monzalecco.lombardia.cisl.it\/wp-content\/uploads\/2019\/07\/67308078_2324103534573985_6577147432004485120_n-1.jpg\" class=\"icn-expand\" data-lb-type=\"grouped-gallery\" title=\"I sindacalisti insieme ai lavoratori\"><\/a><\/div>\r\n                        <\/div>\r\n                              <figcaption class='wp-caption-text gallery-caption' id='gallery-1-5563'>\r\n                              I sindacalisti insieme ai lavoratori\r\n                              <\/figcaption><\/figure><figure class='gallery-item col col-auto'>\r\n                        <div class='gallery-icon landscape czr-gallery-icon'>\r\n                              <a href=https:\/\/www.monzalecco.lombardia.cisl.it\/?attachment_id=5564 class=\"bg-link\"><\/a><img loading=\"lazy\" decoding=\"async\" width=\"150\" height=\"150\" src=\"https:\/\/www.monzalecco.lombardia.cisl.it\/wp-content\/uploads\/2019\/07\/67387855_212725816299211_692647258407043072_n-150x150.jpg\" class=\"attachment-thumbnail size-thumbnail\" alt=\"\" sizes=\"auto, (min-width: 1200px) 255px, (min-width: 992px) 210px, (min-width: 576px) 150px, calc( 50vw - 30px )\" aria-describedby=\"gallery-1-5564\" srcset=\"https:\/\/www.monzalecco.lombardia.cisl.it\/wp-content\/uploads\/2019\/07\/67387855_212725816299211_692647258407043072_n-150x150.jpg 150w, https:\/\/www.monzalecco.lombardia.cisl.it\/wp-content\/uploads\/2019\/07\/67387855_212725816299211_692647258407043072_n-510x510.jpg 510w\" \/><div class=\"post-action btn btn-skin-dark-shaded inverted\"><a href=\"https:\/\/www.monzalecco.lombardia.cisl.it\/wp-content\/uploads\/2019\/07\/67387855_212725816299211_692647258407043072_n.jpg\" class=\"icn-expand\" data-lb-type=\"grouped-gallery\" title=\"I lavoratori in sciopero\"><\/a><\/div>\r\n                        <\/div>\r\n                              <figcaption class='wp-caption-text gallery-caption' id='gallery-1-5564'>\r\n                              I lavoratori in sciopero\r\n                              <\/figcaption><\/figure>\r\n                  <\/div>\n\n","protected":false},"excerpt":{"rendered":"<p>Adesione massiccia allo sciopero indetto da Fim Cisl e Fiom Cgil alla Finder Pompe di Merate (Lc). Organizzazioni sindacali, Rsu e lavoratori hanno, insieme, protestato contro il piano industriale aziendale che prevede la riorganizzazione dello stabilimento meratese e la messa in cassa integrazione dei lavoratori. Il progetto \u00e8 il frutto di una storia travagliata degli [&hellip;]<\/p>\n","protected":false},"author":5,"featured_media":5561,"comment_status":"closed","ping_status":"open","sticky":false,"template":"","format":"standard","meta":{"footnotes":""},"categories":[1],"tags":[27,409,239,410],"class_list":{"0":"post-5560","1":"post","2":"type-post","3":"status-publish","4":"format-standard","5":"has-post-thumbnail","7":"category-notizie","8":"tag-fim","9":"tag-finder","10":"tag-merate","11":"tag-pompe","12":"czr-hentry"},"_links":{"self":[{"href":"https:\/\/www.monzalecco.lombardia.cisl.it\/index.php?rest_route=\/wp\/v2\/posts\/5560","targetHints":{"allow":["GET"]}}],"collection":[{"href":"https:\/\/www.monzalecco.lombardia.cisl.it\/index.php?rest_route=\/wp\/v2\/posts"}],"about":[{"href":"https:\/\/www.monzalecco.lombardia.cisl.it\/index.php?rest_route=\/wp\/v2\/types\/post"}],"author":[{"embeddable":true,"href":"https:\/\/www.monzalecco.lombardia.cisl.it\/index.php?rest_route=\/wp\/v2\/users\/5"}],"replies":[{"embeddable":true,"href":"https:\/\/www.monzalecco.lombardia.cisl.it\/index.php?rest_route=%2Fwp%2Fv2%2Fcomments&post=5560"}],"version-history":[{"count":1,"href":"https:\/\/www.monzalecco.lombardia.cisl.it\/index.php?rest_route=\/wp\/v2\/posts\/5560\/revisions"}],"predecessor-version":[{"id":5565,"href":"https:\/\/www.monzalecco.lombardia.cisl.it\/index.php?rest_route=\/wp\/v2\/posts\/5560\/revisions\/5565"}],"wp:featuredmedia":[{"embeddable":true,"href":"https:\/\/www.monzalecco.lombardia.cisl.it\/index.php?rest_route=\/wp\/v2\/media\/5561"}],"wp:attachment":[{"href":"https:\/\/www.monzalecco.lombardia.cisl.it\/index.php?rest_route=%2Fwp%2Fv2%2Fmedia&parent=5560"}],"wp:term":[{"taxonomy":"category","embeddable":true,"href":"https:\/\/www.monzalecco.lombardia.cisl.it\/index.php?rest_route=%2Fwp%2Fv2%2Fcategories&post=5560"},{"taxonomy":"post_tag","embeddable":true,"href":"https:\/\/www.monzalecco.lombardia.cisl.it\/index.php?rest_route=%2Fwp%2Fv2%2Ftags&post=5560"}],"curies":[{"name":"wp","href":"https:\/\/api.w.org\/{rel}","templated":true}]}}