{"id":5579,"date":"2019-07-24T16:02:03","date_gmt":"2019-07-24T14:02:03","guid":{"rendered":"https:\/\/www.monzalecco.lombardia.cisl.it\/?p=5579"},"modified":"2019-07-24T16:02:03","modified_gmt":"2019-07-24T14:02:03","slug":"giusto-il-rinvio-ddl-pillon","status":"publish","type":"post","link":"https:\/\/www.monzalecco.lombardia.cisl.it\/?p=5579","title":{"rendered":"\u00abGiusto il rinvio Ddl Pillon\u00bb"},"content":{"rendered":"<p>\u00abCon sollievo, apprendiamo la notizia del rinvio a settembre del Ddl Pillon. Il provvedimento riceve una battuta d\u2019arresto anche grazie alla mobilitazione dei sindacati e delle associazioni che si sono prontamente attivate\u00bb. Le segreterie provinciali di Cgil Monza e Brianza, Cisl Monza Brianza Lecco e Uil Monza e Brianza esprimono soddisfazione per la notizia del rinvio a settembre del contestato Ddl Pillon. La discussione del disegno di legge n. 735, infatti, era da poco ripresa in Commissione Giustizia al Senato dopo essere stata gi\u00e0 ampiamente contrastata mesi fa dalle associazioni e dai sindacati.<\/p>\n<p>I sindacati della Brianza (ma anche quelli di Lecco) si erano attivati subito inviando una lettera aperta, gi\u00e0 ieri mattina, alle <a href=\"https:\/\/www.monzalecco.lombardia.cisl.it\/wp-content\/uploads\/2019\/07\/Lettera-alle-forze-politiche.pdf\">Lettera alle forze politiche<\/a> e a tutti i parlamentari di Camera e Senato eletti nei collegi afferenti al territorio di Monza e Brianza 8e Lecco) per chiedere un\u2019azione di contrasto nei confronti di \u00abun modello di famiglia anacronistico\u00bb. Una lettera simile era stata indirizzata al <a href=\"https:\/\/www.monzalecco.lombardia.cisl.it\/wp-content\/uploads\/2019\/07\/Lettera-al-Prefetto.pdf\">Prefetto<\/a> Patrizia Palmisani (e al Prefetto di Lecco, Michele Formiglio) con la richiesta di un incontro.<\/p>\n<p>\u00abIl Ddl Pillon \u2013 spiegano le segreterie provinciali di Cgil, Cisl e Uil \u2013 evidenzia una logica &#8220;adultocentrica&#8221;, contraria all\u2019interesse del minore, considerato di fatto come un &#8220;bene materiale&#8221; da dividere a met\u00e0\u00bb.<\/p>\n<p>Diversi gli aspetti segnalati dalle organizzazioni sindacali. In merito, per esempio, alla mediazione familiare obbligatoria in presenza di figli minori, la preoccupazione di Cgil, Cisl e Uil \u00e8 quella di \u00abun grave arretramento per le libert\u00e0 e i diritti civili, in particolare delle donne e dei minori vittime di violenza\u00bb.<\/p>\n<p>Per quanto riguarda la cancellazione dell\u2019assegno di mantenimento e il mantenimento diretto dei figli, secondo le segreterie provinciali di Cgil, Cisl e Uil \u00abla suddivisione delle spese di sostentamento della prole ignora le disuguaglianze presenti tra i due generi\u00bb, mentre l\u2019introduzione della previsione automatica e obbligatoria dei tempi di permanenza presso ciascun genitore \u00abnon considera le esigenze di stabilit\u00e0 e serenit\u00e0 di un bambino\u00bb.<\/p>\n<p>Oltre al merito, i sindacati hanno puntato il dito anche sul metodo con il quale si \u00e8 tentato di approvare il provvedimento: \u00abInaccettabile avviare una discussione su tematiche cos\u00ec delicate senza un ampio confronto nelle istituzioni e con la societ\u00e0 civile, per di pi\u00f9 nel mese di agosto\u00bb.<\/p>\n<p>Scampato l\u2019immediato pericolo, le organizzazioni sindacali aspettano di essere convocate dal prefetto e dalle forze politiche, ma avvertono: \u00abOggi c\u2019\u00e8 la soddisfazione di aver vinto una battaglia, ma non abbassiamo la guardia: i diritti vanno difesi ogni giorno\u00bb.<\/p>\n","protected":false},"excerpt":{"rendered":"<p>\u00abCon sollievo, apprendiamo la notizia del rinvio a settembre del Ddl Pillon. Il provvedimento riceve una battuta d\u2019arresto anche grazie alla mobilitazione dei sindacati e delle associazioni che si sono prontamente attivate\u00bb. Le segreterie provinciali di Cgil Monza e Brianza, Cisl Monza Brianza Lecco e Uil Monza e Brianza esprimono soddisfazione per la notizia del [&hellip;]<\/p>\n","protected":false},"author":5,"featured_media":5582,"comment_status":"closed","ping_status":"open","sticky":false,"template":"","format":"standard","meta":{"footnotes":""},"categories":[1],"tags":[149,139,150],"class_list":{"0":"post-5579","1":"post","2":"type-post","3":"status-publish","4":"format-standard","5":"has-post-thumbnail","7":"category-notizie","8":"tag-cgil","9":"tag-famiglia","10":"tag-uil","11":"czr-hentry"},"_links":{"self":[{"href":"https:\/\/www.monzalecco.lombardia.cisl.it\/index.php?rest_route=\/wp\/v2\/posts\/5579","targetHints":{"allow":["GET"]}}],"collection":[{"href":"https:\/\/www.monzalecco.lombardia.cisl.it\/index.php?rest_route=\/wp\/v2\/posts"}],"about":[{"href":"https:\/\/www.monzalecco.lombardia.cisl.it\/index.php?rest_route=\/wp\/v2\/types\/post"}],"author":[{"embeddable":true,"href":"https:\/\/www.monzalecco.lombardia.cisl.it\/index.php?rest_route=\/wp\/v2\/users\/5"}],"replies":[{"embeddable":true,"href":"https:\/\/www.monzalecco.lombardia.cisl.it\/index.php?rest_route=%2Fwp%2Fv2%2Fcomments&post=5579"}],"version-history":[{"count":1,"href":"https:\/\/www.monzalecco.lombardia.cisl.it\/index.php?rest_route=\/wp\/v2\/posts\/5579\/revisions"}],"predecessor-version":[{"id":5583,"href":"https:\/\/www.monzalecco.lombardia.cisl.it\/index.php?rest_route=\/wp\/v2\/posts\/5579\/revisions\/5583"}],"wp:featuredmedia":[{"embeddable":true,"href":"https:\/\/www.monzalecco.lombardia.cisl.it\/index.php?rest_route=\/wp\/v2\/media\/5582"}],"wp:attachment":[{"href":"https:\/\/www.monzalecco.lombardia.cisl.it\/index.php?rest_route=%2Fwp%2Fv2%2Fmedia&parent=5579"}],"wp:term":[{"taxonomy":"category","embeddable":true,"href":"https:\/\/www.monzalecco.lombardia.cisl.it\/index.php?rest_route=%2Fwp%2Fv2%2Fcategories&post=5579"},{"taxonomy":"post_tag","embeddable":true,"href":"https:\/\/www.monzalecco.lombardia.cisl.it\/index.php?rest_route=%2Fwp%2Fv2%2Ftags&post=5579"}],"curies":[{"name":"wp","href":"https:\/\/api.w.org\/{rel}","templated":true}]}}