{"id":5601,"date":"2019-07-26T17:20:19","date_gmt":"2019-07-26T15:20:19","guid":{"rendered":"https:\/\/www.monzalecco.lombardia.cisl.it\/?p=5601"},"modified":"2019-07-26T17:20:19","modified_gmt":"2019-07-26T15:20:19","slug":"stema-si-tratta-il-futuro","status":"publish","type":"post","link":"https:\/\/www.monzalecco.lombardia.cisl.it\/?p=5601","title":{"rendered":"Stema, si tratta il futuro"},"content":{"rendered":"<p>La Stema di Ronco Briantino potrebbe avere un futuro dopo il fallimento. In questi giorni il curatore sta incontrando alcuni soggetti interessati a rilevare l\u2019azienda e a darle continuit\u00e0. Gi\u00e0 settimana prossima si potrebbe arrivare a discutere di un possibile contratto di affitto.<\/p>\n<p>\u00ab\u00c8 una notizia positiva &#8211; commenta Gabriele Fiore, Fim Cisl Mbl &#8211; perch\u00e9 permetterebbe la salvaguardia dei posti di lavoro. Come sindacato chiediamo che, se il curatore deve scegliere tra pi\u00f9 proposte, opti per quella che garantisce una maggiore tutela dell\u2019occupazione\u00bb.<\/p>\n<p>Nel frattempo, mercoled\u00ec 24 luglio, lo stesso curatore ha richiesto la cassa integrazione straordinaria per tutti i 54 lavoratori. Marted\u00ec 30 luglio, le parti si incontreranno al ministero del Lavoro per la firma dell\u2019accordo della cassa che durer\u00e0 un anno con decorrenza da 4 luglio.<\/p>\n<p>Alla Finder Pompe di Merate, dopo l\u2019incontro tra sindacato e direzione saltato i giorni scorsi, \u00e8 stato fissato un altro appuntamento il 1\u00b0 agosto nella sede di Confindustria Lecco. \u00abSi parler\u00e0 di cassa integrazione e piano di risanamento &#8211; osserva Lorena Silvani, Fim Cisl Mbl -. A questo incontro ne seguiranno uno nella sede della Provincia di Lecco e uno in Regione Lombardia. Vedremo in quelle sedi come sbloccare la situazione\u00bb.<\/p>\n","protected":false},"excerpt":{"rendered":"<p>La Stema di Ronco Briantino potrebbe avere un futuro dopo il fallimento. In questi giorni il curatore sta incontrando alcuni soggetti interessati a rilevare l\u2019azienda e a darle continuit\u00e0. Gi\u00e0 settimana prossima si potrebbe arrivare a discutere di un possibile contratto di affitto. \u00ab\u00c8 una notizia positiva &#8211; commenta Gabriele Fiore, Fim Cisl Mbl &#8211; [&hellip;]<\/p>\n","protected":false},"author":5,"featured_media":5603,"comment_status":"closed","ping_status":"open","sticky":false,"template":"","format":"standard","meta":{"footnotes":""},"categories":[1],"tags":[394,405],"class_list":{"0":"post-5601","1":"post","2":"type-post","3":"status-publish","4":"format-standard","5":"has-post-thumbnail","7":"category-notizie","8":"tag-ronco-briantino","9":"tag-stema","10":"czr-hentry"},"_links":{"self":[{"href":"https:\/\/www.monzalecco.lombardia.cisl.it\/index.php?rest_route=\/wp\/v2\/posts\/5601","targetHints":{"allow":["GET"]}}],"collection":[{"href":"https:\/\/www.monzalecco.lombardia.cisl.it\/index.php?rest_route=\/wp\/v2\/posts"}],"about":[{"href":"https:\/\/www.monzalecco.lombardia.cisl.it\/index.php?rest_route=\/wp\/v2\/types\/post"}],"author":[{"embeddable":true,"href":"https:\/\/www.monzalecco.lombardia.cisl.it\/index.php?rest_route=\/wp\/v2\/users\/5"}],"replies":[{"embeddable":true,"href":"https:\/\/www.monzalecco.lombardia.cisl.it\/index.php?rest_route=%2Fwp%2Fv2%2Fcomments&post=5601"}],"version-history":[{"count":2,"href":"https:\/\/www.monzalecco.lombardia.cisl.it\/index.php?rest_route=\/wp\/v2\/posts\/5601\/revisions"}],"predecessor-version":[{"id":5604,"href":"https:\/\/www.monzalecco.lombardia.cisl.it\/index.php?rest_route=\/wp\/v2\/posts\/5601\/revisions\/5604"}],"wp:featuredmedia":[{"embeddable":true,"href":"https:\/\/www.monzalecco.lombardia.cisl.it\/index.php?rest_route=\/wp\/v2\/media\/5603"}],"wp:attachment":[{"href":"https:\/\/www.monzalecco.lombardia.cisl.it\/index.php?rest_route=%2Fwp%2Fv2%2Fmedia&parent=5601"}],"wp:term":[{"taxonomy":"category","embeddable":true,"href":"https:\/\/www.monzalecco.lombardia.cisl.it\/index.php?rest_route=%2Fwp%2Fv2%2Fcategories&post=5601"},{"taxonomy":"post_tag","embeddable":true,"href":"https:\/\/www.monzalecco.lombardia.cisl.it\/index.php?rest_route=%2Fwp%2Fv2%2Ftags&post=5601"}],"curies":[{"name":"wp","href":"https:\/\/api.w.org\/{rel}","templated":true}]}}