{"id":5605,"date":"2019-07-27T01:36:11","date_gmt":"2019-07-26T23:36:11","guid":{"rendered":"https:\/\/www.monzalecco.lombardia.cisl.it\/?p=5605"},"modified":"2019-07-30T16:17:14","modified_gmt":"2019-07-30T14:17:14","slug":"a-settembre-labour-film-festival","status":"publish","type":"post","link":"https:\/\/www.monzalecco.lombardia.cisl.it\/?p=5605","title":{"rendered":"A settembre, Labour Film Festival"},"content":{"rendered":"<p>Appuntamento dal 2 settembre al 4 ottobre per la quindicesima edizione del Labour Film Festival, la rassegna cinematografica promossa da Cisl e Acli Lombardia con il Cinema Rondinella di Sesto San Giovanni che, da quindici anni, presenta opere che hanno come argomento il lavoro e le tematiche ambientali e sociali, spesso contigue e in relazione con il lavoro stesso.<\/p>\n<p>La manifestazione, una delle pi\u00f9 importanti del suo genere in Italia, si struttura come nelle scorse edizioni, con la suddivisione delle proposte filmiche in tre distinte sezioni (Labour.short, Labour.doc e Labour.film):<\/p>\n<p><strong>Labour.short<\/strong>, che presenta corti di autori che si cimentano sui temi sociali, ambientali e del lavoro con opere di breve durata fino ad un massimo di 30 minuti;<br \/>\n<strong>Labour.doc<\/strong>, rassegna del documentario di maggiore impegno creativo e produttivo;<br \/>\n<strong>Labour.film<\/strong>, con una selezione dei lungometraggi pi\u00f9 significativi che la stagione ha proposto, alcuni pi\u00f9 noti, altri meno, ma tutti di sicuro interesse.<\/p>\n<p>Dopo il grande successo delle passate edizioni, gioved\u00ec 19 settembre, viene riproposto il Labour Short Awards, all\u2019interno della quale il pubblico del Rondinella sceglier\u00e0 il miglior Labour.short del 2019 tra una rosa di titoli selezionati dalla direzione artistica del festival in collaborazione con Cortisonici Film Festival di Varese. Sempre durante questa serata, dalle 20.30, verranno presentati anche una selezione di cortometraggi sulla sicurezza sul lavoro realizzati dagli studenti delle scuole di Udine a cura di ASUIUD e Mediateca Mario Quargnolo del Visionario.<\/p>\n<p>Anche in questa edizione saranno tre le giornate dedicate ai \u201cPomeriggi al Labour\u201d, con una proposta filmica alle ore 15.30 nelle giornate di luned\u00ec, mercoled\u00ec e gioved\u00ec.<br \/>\nViene riproposto anche in questa edizione l\u2019appuntamento del venerd\u00ec preserale (tra le 19.30 e le 20.15), caratterizzato dalla scelta di importanti documentari d\u2019autore e dalla degustazione al termine della proiezione (spazio EnoCinema).<\/p>\n<p>L\u2019ingresso per tutte le proiezioni della giornata \u00e8 di 4 euro per le proiezioni serali e 3 euro per le proiezioni pomeridiane. La serata Labour Short Awards \u00e8 a ingresso gratuito.<\/p>\n<p>Nutrita la partecipazione di ospiti ed addetti ai lavori: tra gli altri gioved\u00ec 5 settembre, alle ore 21.15, Carmen Vesci e Monica Tessarolo dell\u2019associazione In Sesto introducono il film Parlami di te; gioved\u00ec 12 settembre alle ore 20.45, spazio agli autori del film Solo cose belle che interverranno prima della proiezione del film insieme agli educatori della cooperativa \u201cLa Grande Casa\u201d in una conversazione sul tema \u201cLa Comunit\u00e0 \u2013 Dai Social Network alla comunit\u00e0 umana\u201d; luned\u00ec 16 settembre sono previsti gli interventi di Attilio Rossato, presidente di Acli Lombardia e Ugo Duci, segretario generale di Cisl Lombardia; luned\u00ec 23 settembre, alle ore 20.45, lo scrittore, giornalista e saggista Davide Serafin presenter\u00e0 il suo libro \u201cSenza pi\u00f9 valore\u201d, edito da People Editore; gioved\u00ec 25 settembre, alle ore 21.15, il regista Samad Zarmandili introdurr\u00e0 la proiezione del suo film Beate;<\/p>\n<p>L\u2019intera rassegna si svolge al Cinema Rondinella di Sesto San Giovanni, in via Matteotti 425, con il patrocinio del Servizio per la vita sociale e il lavoro della Diocesi di Milano e di Europa Cinemas, con la collaborazione del Circolo Acli San Clemente, di Lombardia Servizi e di BiblioLavoro.<\/p>\n<p>Mediapartners dell\u2019edizione 2019 sono: \u00abAvvenire\u00bb, \u00abConquiste del lavoro\u00bb, \u00abJob Notizie.it\u00bb, \u00abLaborTV\u00bb, \u00abIl Diario del lavoro\u00bb, \u00abil Segno\u00bb, \u00abRadio Marconi\u00bb.<\/p>\n<p>VUOI SAPERNE DI PIU\u2019?\u00a0 Vai alla sezione speciale\u00a0<a href=\"http:\/\/ombardia.cisl.it\/labour-film-festival\/xv-edizione-labour-film-festival\/\">XV LABOUR FILM FESTIVAL\u00a0<\/a><\/p>\n","protected":false},"excerpt":{"rendered":"<p>Appuntamento dal 2 settembre al 4 ottobre per la quindicesima edizione del Labour Film Festival, la rassegna cinematografica promossa da Cisl e Acli Lombardia con il Cinema Rondinella di Sesto San Giovanni che, da quindici anni, presenta opere che hanno come argomento il lavoro e le tematiche ambientali e sociali, spesso contigue e in relazione [&hellip;]<\/p>\n","protected":false},"author":5,"featured_media":5607,"comment_status":"closed","ping_status":"open","sticky":false,"template":"","format":"standard","meta":{"footnotes":""},"categories":[1],"tags":[108,176],"class_list":{"0":"post-5605","1":"post","2":"type-post","3":"status-publish","4":"format-standard","5":"has-post-thumbnail","7":"category-notizie","8":"tag-cinema","9":"tag-lavoro","10":"czr-hentry"},"_links":{"self":[{"href":"https:\/\/www.monzalecco.lombardia.cisl.it\/index.php?rest_route=\/wp\/v2\/posts\/5605","targetHints":{"allow":["GET"]}}],"collection":[{"href":"https:\/\/www.monzalecco.lombardia.cisl.it\/index.php?rest_route=\/wp\/v2\/posts"}],"about":[{"href":"https:\/\/www.monzalecco.lombardia.cisl.it\/index.php?rest_route=\/wp\/v2\/types\/post"}],"author":[{"embeddable":true,"href":"https:\/\/www.monzalecco.lombardia.cisl.it\/index.php?rest_route=\/wp\/v2\/users\/5"}],"replies":[{"embeddable":true,"href":"https:\/\/www.monzalecco.lombardia.cisl.it\/index.php?rest_route=%2Fwp%2Fv2%2Fcomments&post=5605"}],"version-history":[{"count":2,"href":"https:\/\/www.monzalecco.lombardia.cisl.it\/index.php?rest_route=\/wp\/v2\/posts\/5605\/revisions"}],"predecessor-version":[{"id":5608,"href":"https:\/\/www.monzalecco.lombardia.cisl.it\/index.php?rest_route=\/wp\/v2\/posts\/5605\/revisions\/5608"}],"wp:featuredmedia":[{"embeddable":true,"href":"https:\/\/www.monzalecco.lombardia.cisl.it\/index.php?rest_route=\/wp\/v2\/media\/5607"}],"wp:attachment":[{"href":"https:\/\/www.monzalecco.lombardia.cisl.it\/index.php?rest_route=%2Fwp%2Fv2%2Fmedia&parent=5605"}],"wp:term":[{"taxonomy":"category","embeddable":true,"href":"https:\/\/www.monzalecco.lombardia.cisl.it\/index.php?rest_route=%2Fwp%2Fv2%2Fcategories&post=5605"},{"taxonomy":"post_tag","embeddable":true,"href":"https:\/\/www.monzalecco.lombardia.cisl.it\/index.php?rest_route=%2Fwp%2Fv2%2Ftags&post=5605"}],"curies":[{"name":"wp","href":"https:\/\/api.w.org\/{rel}","templated":true}]}}