{"id":5635,"date":"2019-07-31T17:38:24","date_gmt":"2019-07-31T15:38:24","guid":{"rendered":"https:\/\/www.monzalecco.lombardia.cisl.it\/?p=5635"},"modified":"2019-07-31T17:38:57","modified_gmt":"2019-07-31T15:38:57","slug":"anziani-formazione-e-controllo-contro-i-maltrattamenti","status":"publish","type":"post","link":"https:\/\/www.monzalecco.lombardia.cisl.it\/?p=5635","title":{"rendered":"\u00abMaltrattamenti anziani, pi\u00f9 formazione e controllo\u00bb"},"content":{"rendered":"<p><strong>A seguito dell&#8217;increscioso caso di maltrattamenti subiti da anziani ospiti della casa di riposo di Brugora (Besana Brianza), pubblichiamo un comunicato congiunto di Spi Cgil, Fnp Cisl e Uilp Uil.<\/strong><\/p>\n<p>Cinque dipendenti, quattro donne e un uomo, ausiliari socio-sanitari, sono stati denunciati per maltrattamento agli anziani ospiti della casa di riposo \u00abG. Scola\u00bb a Brugora, frazione di Besana in Brianza. Questi dipendenti sono accusati, con prove schiaccianti, di vari e spregevoli maltrattamenti e violenze. In seguito ad una segnalazione effettuata dalla direzione della Casa di Riposo, i carabinieri hanno svolto le indagini utilizzando intercettazioni ambientali, certificando la violenza e le percosse con immagini registrate con microspie.<\/p>\n<p>Ancora una volta episodi di violenza agli anziani ospiti di una Rsa vengono segnalati dalla cronaca giornaliera, evidenziando che il problema esiste ed \u00e8 diffuso, che non risparmia nessuna zona del nostro paese e che occorre affrontarlo con la necessaria determinazione. Dobbiamo evitare le facili generalizzazioni che tendono esclusivamente a colpevolizzare il personale che opera nelle strutture residenziali, ma occorre individuare proposte adeguate a intervenire sulle cause soggettive e organizzative per affrontare alle radici le cause concrete che generano la violenza.<\/p>\n<p>Le violenze contro persone inermi, con gravissime limitazioni fisiche, psichiche o mentali ingenerano dolore e disgusto.<\/p>\n<p>Noi vogliamo partire dalla necessit\u00e0 di punire i colpevoli di questi comportamenti ignobili e inaccettabili.<\/p>\n<p>Siamo, tuttavia, consapevoli che possiamo e dobbiamo migliorare le risposte sistemiche, i modelli organizzativi e il sistema dei controlli. Nessuno pu\u00f2 dirsi esente da responsabilit\u00e0, a partire dal ruolo dell\u2019Ats Brianza e della Regione che ha costruito un sistema di controlli di natura prevalentemente burocratica.<\/p>\n<p>Non ci stancheremo di denunciare che questi comportamenti esecrabili siano favoriti dalle tante difficolt\u00e0 che si riscontrano nell&#8217;organizzazione e nella conduzione di alcune Rsa a partire dalla carenza di personale, dalla sua formazione, dalla turnazione che evidenzia carichi eccessivi di lavoro, da controlli insufficienti sulle Rsa e sull&#8217;operato svolto verso persone estremamente fragili.<\/p>\n<p>I finanziamenti regionali sanitari insufficienti, l&#8217;esigenza di garantire equilibri di bilancio difficili intervenendo sia sulle rette degli ospiti che sulla struttura dei costi in cui il costo del personale \u00e8 la voce preponderante, la necessit\u00e0 di operare in un contesto territoriale in cui la competizione sulle rette mantiene una significativa rilevanza, porta spesso alle scorciatoie del risparmio gestionale intervenendo sulla limitazione e riduzione del personale, soprattutto qualificato.<\/p>\n<p>Il personale che opera nelle Rsa ha bisogno, oltre a essere in numero adeguato per fornire un servizio di assistenza dignitoso, di essere periodicamente aggiornato e la sua qualificazione \u00e8 anche il presupposto di un comportamento professionale consono nella gestione di persone fragili come lo sono gli anziani che entrano in una residenza.<\/p>\n<p>I controlli che devono essere svolti dalle istituzioni preposte sono nettamente insufficienti e inefficaci in quanto non mirate all\u2019individuazione delle problematiche in essere: urge un piano di interventi pi\u00f9 appropriato che valuti la situazione e programmi una serie di azioni che portino a controlli pi\u00f9 assidui e pi\u00f9 approfonditi in grado di prevenire ed eliminare le violenze inaccettabili che frequentemente vengono fatte nelle Rsa.<\/p>\n<p>L\u2019installazione generalizzata delle telecamere pu\u00f2 essere un importante strumento e, non l\u2019unico, di dissuasione e di controllo.<\/p>\n<p>Nel condannare senza giustificazioni il comportamento di tutte le persone che fanno violenza sulle persone fragili e sugli anziani si auspica un intervento e una inversione di rotta di chi \u00e8 preposto a dirigere il settore a livello istituzionale e che finalmente si metta mano ai problemi concreti che sono alla base dei tanti episodi di violenza, conosciuti o negletti, di tutte le difficolt\u00e0 che si riscontrano nelle Rsa.<\/p>\n<p>Per tali ragioni, pur consapevoli che la Rsa nella quale sono accaduti questi fatti di violenza e maltrattamenti non fa parte della associazione delle case di riposo della nostra Provincia, abbiamo chiesto al Presidente dell\u2019Arsa un incontro per continuare una riflessione comune su tali tematiche.<\/p>\n<p><strong>Pietro Albergoni<\/strong><br \/>\n<em>Spi Cgil<\/em><\/p>\n<p><strong>Giorgio Galbusera<\/strong><br \/>\n<em>Fnp Cisl<\/em><\/p>\n<p><strong>Claudio Coloretti<\/strong><br \/>\n<em>Uilp Uil<\/em><\/p>\n","protected":false},"excerpt":{"rendered":"<p>A seguito dell&#8217;increscioso caso di maltrattamenti subiti da anziani ospiti della casa di riposo di Brugora (Besana Brianza), pubblichiamo un comunicato congiunto di Spi Cgil, Fnp Cisl e Uilp Uil. Cinque dipendenti, quattro donne e un uomo, ausiliari socio-sanitari, sono stati denunciati per maltrattamento agli anziani ospiti della casa di riposo \u00abG. Scola\u00bb a Brugora, [&hellip;]<\/p>\n","protected":false},"author":5,"featured_media":5636,"comment_status":"closed","ping_status":"open","sticky":false,"template":"","format":"standard","meta":{"footnotes":""},"categories":[1],"tags":[417,416,229],"class_list":{"0":"post-5635","1":"post","2":"type-post","3":"status-publish","4":"format-standard","5":"has-post-thumbnail","7":"category-notizie","8":"tag-besana-brianza","9":"tag-casa-di-riposo","10":"tag-pensionati","11":"czr-hentry"},"_links":{"self":[{"href":"https:\/\/www.monzalecco.lombardia.cisl.it\/index.php?rest_route=\/wp\/v2\/posts\/5635","targetHints":{"allow":["GET"]}}],"collection":[{"href":"https:\/\/www.monzalecco.lombardia.cisl.it\/index.php?rest_route=\/wp\/v2\/posts"}],"about":[{"href":"https:\/\/www.monzalecco.lombardia.cisl.it\/index.php?rest_route=\/wp\/v2\/types\/post"}],"author":[{"embeddable":true,"href":"https:\/\/www.monzalecco.lombardia.cisl.it\/index.php?rest_route=\/wp\/v2\/users\/5"}],"replies":[{"embeddable":true,"href":"https:\/\/www.monzalecco.lombardia.cisl.it\/index.php?rest_route=%2Fwp%2Fv2%2Fcomments&post=5635"}],"version-history":[{"count":2,"href":"https:\/\/www.monzalecco.lombardia.cisl.it\/index.php?rest_route=\/wp\/v2\/posts\/5635\/revisions"}],"predecessor-version":[{"id":5638,"href":"https:\/\/www.monzalecco.lombardia.cisl.it\/index.php?rest_route=\/wp\/v2\/posts\/5635\/revisions\/5638"}],"wp:featuredmedia":[{"embeddable":true,"href":"https:\/\/www.monzalecco.lombardia.cisl.it\/index.php?rest_route=\/wp\/v2\/media\/5636"}],"wp:attachment":[{"href":"https:\/\/www.monzalecco.lombardia.cisl.it\/index.php?rest_route=%2Fwp%2Fv2%2Fmedia&parent=5635"}],"wp:term":[{"taxonomy":"category","embeddable":true,"href":"https:\/\/www.monzalecco.lombardia.cisl.it\/index.php?rest_route=%2Fwp%2Fv2%2Fcategories&post=5635"},{"taxonomy":"post_tag","embeddable":true,"href":"https:\/\/www.monzalecco.lombardia.cisl.it\/index.php?rest_route=%2Fwp%2Fv2%2Ftags&post=5635"}],"curies":[{"name":"wp","href":"https:\/\/api.w.org\/{rel}","templated":true}]}}