{"id":5678,"date":"2019-08-07T17:17:37","date_gmt":"2019-08-07T15:17:37","guid":{"rendered":"https:\/\/www.monzalecco.lombardia.cisl.it\/?p=5678"},"modified":"2019-08-07T17:17:37","modified_gmt":"2019-08-07T15:17:37","slug":"sanita-pubblica-sciopero-il-4-ottobre","status":"publish","type":"post","link":"https:\/\/www.monzalecco.lombardia.cisl.it\/?p=5678","title":{"rendered":"Sanit\u00e0 pubblica, sciopero il 4 ottobre"},"content":{"rendered":"<p>Il 4 ottobre i lavoratori delle Aziende socio-sanitarie territoriali di Lecco e di Monza\u00a0 \u00a0incroceranno le braccia. Uno sciopero, quello convocato dalle Rsu e dalle organizzazioni sindacali, arrivato dopo aver provato, spiegano i responsabili sindacali, a trovare, invano, forme conciliative con la controparte.<\/p>\n<p>Tanti i punti contestati dai rappresentanti dei lavoratori: dalla montagna di ore di straordinarie e di ferie accumulati e solo in parte pagate al ricorso al personale tramite agenzie interinali senza utilizzare le graduatorie aziendali passando per l\u2019accentramento dei servizi con l\u2019acquisizione di competenze prima in campo all\u2019ex Asl, le vaccinazioni e servizi anche di tipo amministrativo come lo sportello di cambio medico.<\/p>\n<p>\u00abAbbiamo rilevato una non soddisfacente volont\u00e0 da parte della direzione aziendale di coinvolgere preventivamente le rappresentanze sindacali sui riflessi sulla qualit\u00e0 del lavoro e sulla professionalit\u00e0 derivanti da modifiche e scelte organizzative inerenti i servizi \u2013 commentano i sindacalisti -. Non solo, nonostante la disponibilit\u00e0 al confronto, nessun riscontro \u00e8 pervenuto dalle direzioni\u00bb.<\/p>\n<p>Durante la giornata di sciopero del 4 ottobre\u00a0saranno garantite le prestazioni indispensabili, ovvero i servizi minimi essenziali, in osservanza delle regolamentazioni di settore e aziendali.<\/p>\n","protected":false},"excerpt":{"rendered":"<p>Il 4 ottobre i lavoratori delle Aziende socio-sanitarie territoriali di Lecco e di Monza\u00a0 \u00a0incroceranno le braccia. Uno sciopero, quello convocato dalle Rsu e dalle organizzazioni sindacali, arrivato dopo aver provato, spiegano i responsabili sindacali, a trovare, invano, forme conciliative con la controparte. Tanti i punti contestati dai rappresentanti dei lavoratori: dalla montagna di ore [&hellip;]<\/p>\n","protected":false},"author":5,"featured_media":4378,"comment_status":"closed","ping_status":"open","sticky":false,"template":"","format":"standard","meta":{"footnotes":""},"categories":[1],"tags":[95,22,353,203],"class_list":{"0":"post-5678","1":"post","2":"type-post","3":"status-publish","4":"format-standard","5":"has-post-thumbnail","7":"category-notizie","8":"tag-lecco","9":"tag-monza","10":"tag-sanita-pubblica","11":"tag-sciopero","12":"czr-hentry"},"_links":{"self":[{"href":"https:\/\/www.monzalecco.lombardia.cisl.it\/index.php?rest_route=\/wp\/v2\/posts\/5678","targetHints":{"allow":["GET"]}}],"collection":[{"href":"https:\/\/www.monzalecco.lombardia.cisl.it\/index.php?rest_route=\/wp\/v2\/posts"}],"about":[{"href":"https:\/\/www.monzalecco.lombardia.cisl.it\/index.php?rest_route=\/wp\/v2\/types\/post"}],"author":[{"embeddable":true,"href":"https:\/\/www.monzalecco.lombardia.cisl.it\/index.php?rest_route=\/wp\/v2\/users\/5"}],"replies":[{"embeddable":true,"href":"https:\/\/www.monzalecco.lombardia.cisl.it\/index.php?rest_route=%2Fwp%2Fv2%2Fcomments&post=5678"}],"version-history":[{"count":1,"href":"https:\/\/www.monzalecco.lombardia.cisl.it\/index.php?rest_route=\/wp\/v2\/posts\/5678\/revisions"}],"predecessor-version":[{"id":5679,"href":"https:\/\/www.monzalecco.lombardia.cisl.it\/index.php?rest_route=\/wp\/v2\/posts\/5678\/revisions\/5679"}],"wp:featuredmedia":[{"embeddable":true,"href":"https:\/\/www.monzalecco.lombardia.cisl.it\/index.php?rest_route=\/wp\/v2\/media\/4378"}],"wp:attachment":[{"href":"https:\/\/www.monzalecco.lombardia.cisl.it\/index.php?rest_route=%2Fwp%2Fv2%2Fmedia&parent=5678"}],"wp:term":[{"taxonomy":"category","embeddable":true,"href":"https:\/\/www.monzalecco.lombardia.cisl.it\/index.php?rest_route=%2Fwp%2Fv2%2Fcategories&post=5678"},{"taxonomy":"post_tag","embeddable":true,"href":"https:\/\/www.monzalecco.lombardia.cisl.it\/index.php?rest_route=%2Fwp%2Fv2%2Ftags&post=5678"}],"curies":[{"name":"wp","href":"https:\/\/api.w.org\/{rel}","templated":true}]}}