{"id":5689,"date":"2019-08-13T15:51:12","date_gmt":"2019-08-13T13:51:12","guid":{"rendered":"https:\/\/www.monzalecco.lombardia.cisl.it\/?p=5689"},"modified":"2019-08-13T15:51:12","modified_gmt":"2019-08-13T13:51:12","slug":"al-centro-il-paese-e-il-lavoro","status":"publish","type":"post","link":"https:\/\/www.monzalecco.lombardia.cisl.it\/?p=5689","title":{"rendered":"\u00abAl centro il Paese e il lavoro\u00bb"},"content":{"rendered":"<p>Cgil, Cisl e Uil esprimono grande preoccupazione per l\u2019attuale situazione di instabilit\u00e0 politica prodotta in pieno periodo feriale che, se non risolta rapidamente, pu\u00f2 ulteriormente ridurre le condizioni per la crescita del Paese, aggravare la situazione economica e sociale di tutto il mondo del lavoro e dei pensionati, non far svolgere alcun ruolo al nostro Paese nella costruzione di una nuova Europa sociale.<\/p>\n<p>\u00c8 il momento della seriet\u00e0, del pieno rispetto dei principi, dei valori e dei comportamenti indicati dalla nostra Carta Costituzionale, nata dalla resistenza e dalla sconfitta del fascismo e del nazismo.<\/p>\n<p>La soluzione della crisi compete al Parlamento che, dopo un dibattito ampio, libero e trasparente deve votare o sfiduciare il governo, e al Presidente della Repubblica, garante della Costituzione, cui va tutta la nostra stima e il sostegno incondizionato anche nella verifica di una reale possibilit\u00e0 di dare un nuovo governo al Paese.<br \/>\nOccorre che le forze politiche parlamentari pongano al centro delle loro funzioni istituzionali gli interessi generali del Paese e del mondo del lavoro e non l\u2019interesse particolare di breve respiro, come pi\u00f9 volte sollecitate dallo stesso Presidente della Repubblica, assicurando in tempi utili un\u2019indispensabile forma di governo ed un chiaro indirizzo economico e sociale. \u00c8 necessario il massimo rispetto per i luoghi e i tempi dei processi democratici e per chi li rappresenta per rafforzare i legami di solidariet\u00e0, per unire e non di dividere il Paese.<\/p>\n<p>Le innumerevoli vertenze aperte al Mise che riguardano centinaia di migliaia di posti di lavoro, il futuro e la qualit\u00e0 del nostro sistema industriale e produttivo, i problemi della pubblica amministrazione, del sistema di istruzione e conoscenza e della sanit\u00e0 pubblica, il divario crescente tra Nord e Sud, la paralisi dei cantieri pubblici per le necessarie infrastrutture materiali e sociali, sono temi che hanno bisogno di risposte immediate, di un Governo nel pieno delle sue funzioni e non possono pi\u00f9 aspettare le alchimie della politica.<\/p>\n<p>In questo anno Cgil, Cisl e Uil hanno messo in campo una forte iniziativa vertenziale e di mobilitazione affinch\u00e9 fosse chiara la necessit\u00e0 che queste priorit\u00e0 fossero rappresentate nelle misure economiche del Governo, si sono assunte la responsabilit\u00e0 di indicare e rivendicare soluzioni e proposte capaci di creare lavoro stabile, a partire dai giovani, per un nuovo modello di sviluppo ambientalmente sostenibile, per una nuova politica economica fondata sulla giustizia sociale in Italia ed in Europa. Su queste basi abbiamo riempito le piazze con lavoratrici, lavoratori, giovani e pensionati di tutto il Paese.<\/p>\n<p>Ora, alla vigilia di un\u2019importante legge di stabilit\u00e0 e di una necessaria azione ed interlocuzione positiva per contribuire a delineare nuove politiche europee che escano dalla logica dell\u2019austerit\u00e0, ribadiamo e sosteniamo la necessit\u00e0 che tutto ci\u00f2 avvenga anche con il coinvolgimento delle parti sociali avendo come obiettivo la crescita e la creazione di lavoro stabile con diritti pieni ed esigibili.<\/p>\n<p>Ci\u00f2 per noi significa continuare a sostenere che l\u2019unica strada percorribile \u00e8 definire:<br \/>\n&#8211; Un piano straordinario di investimenti pubblici in infrastrutture, reti, manutenzione del territorio, a partire dal Mezzogiorno, con un chiaro sostegno ad una nuova economia verde e che il tutto sia scomputato dai vincoli del patto di stabilit\u00e0;<br \/>\n&#8211; una riforma fiscale fondata sul principio della progressivit\u00e0 che riduca le tasse al lavoro dipendente e ai pensionati;<br \/>\n&#8211; una vera lotta all\u2019evasione fiscale e al lavoro nero;<br \/>\n&#8211; il rinnovo dei contratti nazionali pubblici e privati e il riconoscimento del loro valore erga omnes, la detassazione degli aumenti salariali e il superamento dei contratti pirata;<br \/>\n&#8211; riforma della pubblica amministrazione e assunzione di personale in tutti i comparti pubblici a partire dalla sanit\u00e0;<br \/>\n&#8211; una nuova politica industriale che indirizzi i processi di innovazione, di crescita dimensionale delle imprese, garantisca il diritto permanente alla formazione e metta al centro la salute e la sicurezza sul lavoro;<br \/>\n&#8211; una nuova politica della cultura e del turismo asse di crescita per un paese quale l\u2019Italia;<br \/>\n&#8211; una vera riforma delle pensioni che dia un futuro ai giovani, risponda ai bisogni delle donne e riconosca i lavori pi\u00f9 disagiati.<\/p>\n<p>\u00c8 su questi contenuti che, secondo noi, si deve sviluppare la discussione e, per quanto ci compete, com\u2019\u00e8 nella storia del nostro Paese, siamo pronti al confronto e a sostenere queste posizioni per affermare la democrazia e la dignit\u00e0 del lavoro.<\/p>\n","protected":false},"excerpt":{"rendered":"<p>Cgil, Cisl e Uil esprimono grande preoccupazione per l\u2019attuale situazione di instabilit\u00e0 politica prodotta in pieno periodo feriale che, se non risolta rapidamente, pu\u00f2 ulteriormente ridurre le condizioni per la crescita del Paese, aggravare la situazione economica e sociale di tutto il mondo del lavoro e dei pensionati, non far svolgere alcun ruolo al nostro [&hellip;]<\/p>\n","protected":false},"author":5,"featured_media":3924,"comment_status":"closed","ping_status":"open","sticky":false,"template":"","format":"standard","meta":{"footnotes":""},"categories":[1],"tags":[423,176,422],"class_list":{"0":"post-5689","1":"post","2":"type-post","3":"status-publish","4":"format-standard","5":"has-post-thumbnail","7":"category-notizie","8":"tag-crisi","9":"tag-lavoro","10":"tag-paese","11":"czr-hentry"},"_links":{"self":[{"href":"https:\/\/www.monzalecco.lombardia.cisl.it\/index.php?rest_route=\/wp\/v2\/posts\/5689","targetHints":{"allow":["GET"]}}],"collection":[{"href":"https:\/\/www.monzalecco.lombardia.cisl.it\/index.php?rest_route=\/wp\/v2\/posts"}],"about":[{"href":"https:\/\/www.monzalecco.lombardia.cisl.it\/index.php?rest_route=\/wp\/v2\/types\/post"}],"author":[{"embeddable":true,"href":"https:\/\/www.monzalecco.lombardia.cisl.it\/index.php?rest_route=\/wp\/v2\/users\/5"}],"replies":[{"embeddable":true,"href":"https:\/\/www.monzalecco.lombardia.cisl.it\/index.php?rest_route=%2Fwp%2Fv2%2Fcomments&post=5689"}],"version-history":[{"count":1,"href":"https:\/\/www.monzalecco.lombardia.cisl.it\/index.php?rest_route=\/wp\/v2\/posts\/5689\/revisions"}],"predecessor-version":[{"id":5690,"href":"https:\/\/www.monzalecco.lombardia.cisl.it\/index.php?rest_route=\/wp\/v2\/posts\/5689\/revisions\/5690"}],"wp:featuredmedia":[{"embeddable":true,"href":"https:\/\/www.monzalecco.lombardia.cisl.it\/index.php?rest_route=\/wp\/v2\/media\/3924"}],"wp:attachment":[{"href":"https:\/\/www.monzalecco.lombardia.cisl.it\/index.php?rest_route=%2Fwp%2Fv2%2Fmedia&parent=5689"}],"wp:term":[{"taxonomy":"category","embeddable":true,"href":"https:\/\/www.monzalecco.lombardia.cisl.it\/index.php?rest_route=%2Fwp%2Fv2%2Fcategories&post=5689"},{"taxonomy":"post_tag","embeddable":true,"href":"https:\/\/www.monzalecco.lombardia.cisl.it\/index.php?rest_route=%2Fwp%2Fv2%2Ftags&post=5689"}],"curies":[{"name":"wp","href":"https:\/\/api.w.org\/{rel}","templated":true}]}}