{"id":5742,"date":"2019-09-04T16:55:35","date_gmt":"2019-09-04T14:55:35","guid":{"rendered":"https:\/\/www.monzalecco.lombardia.cisl.it\/?p=5742"},"modified":"2019-09-04T16:55:35","modified_gmt":"2019-09-04T14:55:35","slug":"iscos-alla-scoperta-del-salvador","status":"publish","type":"post","link":"https:\/\/www.monzalecco.lombardia.cisl.it\/?p=5742","title":{"rendered":"Iscos alla scoperta del Salvador"},"content":{"rendered":"<p>Iscos Cisl (Istituto Sindacale per la Cooperazione allo Sviluppo) e Iscos Lombardia, in collaborazione con Gruppo Donne Internazionale e Casa della Cultura Salvadoregna organizzano \u00abAlla scoperta de El Salvador\u00bb.<\/p>\n<p>Quest\u2019iniziativa si inserisce nell&#8217;ambito delle attivit\u00e0 previste dal progetto<br \/>\nGestion ambiental participativa del Humedal Cerron Grande a trev\u00e9s de la economia inclusiva, responsabley sostenible \u2013 Conservacion y Restauracion del Ecosistema del Sitio Ramsar Humedal Embalse Cerron Grande.<\/p>\n<p>Un\u2019iniziativa per conoscere El Salvador e i risultati di questo importante progetto di cooperazione internazionale finanziato dall&#8217;Agenzia Italiana di Cooperazione allo Sviluppo (Aics).<\/p>\n<p>L&#8217;evento si svolger\u00e0 gioved\u00ec 12 settembre 2019, presso la sede Cisl Lombardia di Via Vida 10, Milano (ore 19). Concluder\u00e0 con cena salvadoregna e musica folkloristica salvadoregna.<\/p>\n<p>Per informazioni e iscrizioni:\u00a0<a href=\"mailto:iscos.lombardia@cisl.it\">iscos.lombardia@cisl.it<\/a><\/p>\n","protected":false},"excerpt":{"rendered":"<p>Iscos Cisl (Istituto Sindacale per la Cooperazione allo Sviluppo) e Iscos Lombardia, in collaborazione con Gruppo Donne Internazionale e Casa della Cultura Salvadoregna organizzano \u00abAlla scoperta de El Salvador\u00bb. Quest\u2019iniziativa si inserisce nell&#8217;ambito delle attivit\u00e0 previste dal progetto Gestion ambiental participativa del Humedal Cerron Grande a trev\u00e9s de la economia inclusiva, responsabley sostenible \u2013 Conservacion [&hellip;]<\/p>\n","protected":false},"author":5,"featured_media":5743,"comment_status":"closed","ping_status":"open","sticky":false,"template":"","format":"standard","meta":{"footnotes":""},"categories":[1],"tags":[111,426],"class_list":{"0":"post-5742","1":"post","2":"type-post","3":"status-publish","4":"format-standard","5":"has-post-thumbnail","7":"category-notizie","8":"tag-iscos","9":"tag-salvador","10":"czr-hentry"},"_links":{"self":[{"href":"https:\/\/www.monzalecco.lombardia.cisl.it\/index.php?rest_route=\/wp\/v2\/posts\/5742","targetHints":{"allow":["GET"]}}],"collection":[{"href":"https:\/\/www.monzalecco.lombardia.cisl.it\/index.php?rest_route=\/wp\/v2\/posts"}],"about":[{"href":"https:\/\/www.monzalecco.lombardia.cisl.it\/index.php?rest_route=\/wp\/v2\/types\/post"}],"author":[{"embeddable":true,"href":"https:\/\/www.monzalecco.lombardia.cisl.it\/index.php?rest_route=\/wp\/v2\/users\/5"}],"replies":[{"embeddable":true,"href":"https:\/\/www.monzalecco.lombardia.cisl.it\/index.php?rest_route=%2Fwp%2Fv2%2Fcomments&post=5742"}],"version-history":[{"count":1,"href":"https:\/\/www.monzalecco.lombardia.cisl.it\/index.php?rest_route=\/wp\/v2\/posts\/5742\/revisions"}],"predecessor-version":[{"id":5744,"href":"https:\/\/www.monzalecco.lombardia.cisl.it\/index.php?rest_route=\/wp\/v2\/posts\/5742\/revisions\/5744"}],"wp:featuredmedia":[{"embeddable":true,"href":"https:\/\/www.monzalecco.lombardia.cisl.it\/index.php?rest_route=\/wp\/v2\/media\/5743"}],"wp:attachment":[{"href":"https:\/\/www.monzalecco.lombardia.cisl.it\/index.php?rest_route=%2Fwp%2Fv2%2Fmedia&parent=5742"}],"wp:term":[{"taxonomy":"category","embeddable":true,"href":"https:\/\/www.monzalecco.lombardia.cisl.it\/index.php?rest_route=%2Fwp%2Fv2%2Fcategories&post=5742"},{"taxonomy":"post_tag","embeddable":true,"href":"https:\/\/www.monzalecco.lombardia.cisl.it\/index.php?rest_route=%2Fwp%2Fv2%2Ftags&post=5742"}],"curies":[{"name":"wp","href":"https:\/\/api.w.org\/{rel}","templated":true}]}}