{"id":5788,"date":"2019-09-11T17:17:26","date_gmt":"2019-09-11T15:17:26","guid":{"rendered":"https:\/\/www.monzalecco.lombardia.cisl.it\/?p=5788"},"modified":"2019-09-13T10:03:54","modified_gmt":"2019-09-13T08:03:54","slug":"case-popolari-bando-aperto","status":"publish","type":"post","link":"https:\/\/www.monzalecco.lombardia.cisl.it\/?p=5788","title":{"rendered":"Case popolari, bando aperto"},"content":{"rendered":"<p>C\u2019\u00e8 tempo fino al 4 ottobre per fare domanda per l\u2019assegnazione di una casa popolare a Monza, Brugherio e Villasanta. Lo prevede il bando che si \u00e8 aperto il 21 giugno di quest\u2019anno. Nei tre Comuni sono immediatamente disponibili e assegnabili 137 unit\u00e0 abitative, altre 96 potranno essere assegnate nei prossimi mesi, perch\u00e9 attualmente sono in fase di ristrutturazione o saranno liberate a breve.<\/p>\n<p>Chi pu\u00f2 fare domanda? Il bando prevede che possano fare domanda i cittadini di nazionalit\u00e0 italiana o di altri Paesi dell\u2019Unione europea, ma anche persone provenienti da fuori Europa se per\u00f2 in regola con il permesso di soggiorno. Chi fa domanda deve lavorare almeno da cinque anni in Lombardia deve avere un reddito Isee non superiore ai 16mila euro e una soglia patrimoniale di 22mila euro (se single).<\/p>\n<p>\u00abLa domanda &#8211; spiega Giulio Oreggia, Sicet Monza \u2013 va presentata <em>online<\/em>. Come Sicet siamo disponibili ad assistere tutti i nostri iscritti o gli iscritti Cisl nella compilazione e nell\u2019invio della domanda. Chi \u00e8 interessato pu\u00f2 rivolgersi ai nostri uffici il marted\u00ec e il mercoled\u00ec pomeriggio\u00bb.<\/p>\n<h4><span style=\"font-family: 'arial black', sans-serif; color: #99cc00;\">Affitti calmierati<\/span><\/h4>\n<p>Nel frattempo, il 25 giugno \u00e8 stato siglato anche l\u2019accordo territoriale per le locazioni a canone concordato per il Comune di Monza. L\u2019intesa fissa i minimi e i massimi dei canoni di affitto in base alle caratteristiche degli appartamenti e della zona in cui si trovano. I contratti che rispettano questi canoni permettono ai proprietari dei locali e agli inquilini di accedere ad alcune agevolazioni fiscali per Irpef e Imu (in questo ultimo caso solo se il Comune ha adottato una delibera apposita).<\/p>\n<p>\u00abQuesto accordo \u2013 osserva Oreggia \u2013 permette di avere canoni calmierati e al di sotto delle fasce di mercato. Dal 2017, per\u00f2, affinch\u00e9 questi contratti possano produrre i vantaggi fiscali devono essere stipulati dalle associazioni dei proprietari o degli inquilini che hanno sottoscritto l\u2019accordo territoriale o, se non sono state sottoscritte in quelle sedi, devono comunque essere asseverate da quelle organizzazioni\u00bb.<\/p>\n","protected":false},"excerpt":{"rendered":"<p>C\u2019\u00e8 tempo fino al 4 ottobre per fare domanda per l\u2019assegnazione di una casa popolare a Monza, Brugherio e Villasanta. Lo prevede il bando che si \u00e8 aperto il 21 giugno di quest\u2019anno. Nei tre Comuni sono immediatamente disponibili e assegnabili 137 unit\u00e0 abitative, altre 96 potranno essere assegnate nei prossimi mesi, perch\u00e9 attualmente sono [&hellip;]<\/p>\n","protected":false},"author":5,"featured_media":4312,"comment_status":"closed","ping_status":"open","sticky":false,"template":"","format":"standard","meta":{"footnotes":""},"categories":[1],"tags":[432,375],"class_list":{"0":"post-5788","1":"post","2":"type-post","3":"status-publish","4":"format-standard","5":"has-post-thumbnail","7":"category-notizie","8":"tag-case-popolari","9":"tag-sicet","10":"czr-hentry"},"_links":{"self":[{"href":"https:\/\/www.monzalecco.lombardia.cisl.it\/index.php?rest_route=\/wp\/v2\/posts\/5788","targetHints":{"allow":["GET"]}}],"collection":[{"href":"https:\/\/www.monzalecco.lombardia.cisl.it\/index.php?rest_route=\/wp\/v2\/posts"}],"about":[{"href":"https:\/\/www.monzalecco.lombardia.cisl.it\/index.php?rest_route=\/wp\/v2\/types\/post"}],"author":[{"embeddable":true,"href":"https:\/\/www.monzalecco.lombardia.cisl.it\/index.php?rest_route=\/wp\/v2\/users\/5"}],"replies":[{"embeddable":true,"href":"https:\/\/www.monzalecco.lombardia.cisl.it\/index.php?rest_route=%2Fwp%2Fv2%2Fcomments&post=5788"}],"version-history":[{"count":2,"href":"https:\/\/www.monzalecco.lombardia.cisl.it\/index.php?rest_route=\/wp\/v2\/posts\/5788\/revisions"}],"predecessor-version":[{"id":5799,"href":"https:\/\/www.monzalecco.lombardia.cisl.it\/index.php?rest_route=\/wp\/v2\/posts\/5788\/revisions\/5799"}],"wp:featuredmedia":[{"embeddable":true,"href":"https:\/\/www.monzalecco.lombardia.cisl.it\/index.php?rest_route=\/wp\/v2\/media\/4312"}],"wp:attachment":[{"href":"https:\/\/www.monzalecco.lombardia.cisl.it\/index.php?rest_route=%2Fwp%2Fv2%2Fmedia&parent=5788"}],"wp:term":[{"taxonomy":"category","embeddable":true,"href":"https:\/\/www.monzalecco.lombardia.cisl.it\/index.php?rest_route=%2Fwp%2Fv2%2Fcategories&post=5788"},{"taxonomy":"post_tag","embeddable":true,"href":"https:\/\/www.monzalecco.lombardia.cisl.it\/index.php?rest_route=%2Fwp%2Fv2%2Ftags&post=5788"}],"curies":[{"name":"wp","href":"https:\/\/api.w.org\/{rel}","templated":true}]}}