{"id":5925,"date":"2019-10-02T17:35:02","date_gmt":"2019-10-02T15:35:02","guid":{"rendered":"https:\/\/www.monzalecco.lombardia.cisl.it\/?p=5925"},"modified":"2019-10-02T17:35:41","modified_gmt":"2019-10-02T15:35:41","slug":"non-si-smantelli-la-sanita-pubblica","status":"publish","type":"post","link":"https:\/\/www.monzalecco.lombardia.cisl.it\/?p=5925","title":{"rendered":"\u00abNon smantellate la sanit\u00e0\u00bb"},"content":{"rendered":"<p>Venerd\u00ec 4 ottobre, i lavoratori della sanit\u00e0 pubblica di Lecco e della Brianza si asterranno dal lavoro. A Lecco, si scioperer\u00e0 dalle 8 alle 10 di mattina, mentre in Brianza l\u2019astensione durer\u00e0 tutto il giorno. In concomitanza si terranno presidi davanti alle sedi delle Asst a Lecco, Monza e Desio. La mobilitazione \u00e8 stata proclamata dalla sigle sindacali Fp Cgil, Cisl Fp, Uil Fpl insieme a Nursing Up, Usb, NurSind e Fsi.<\/p>\n<p>\u00abI lavoratori \u2013 spiegano Franca Bodega e Lucia Pezzuto Fp Cisl \u2013 scioperano per protestare contro lo smantellamento del servizio sanitario pubblico. Non possiamo accettare i continui tagli per l\u2019assunzione del personale, il continuo taglio del diritto al part-time, la frequente modifica dell\u2019orario di lavoro e la frequente attivazione della mobilit\u00e0 d\u2019urgenza\u00bb.<\/p>\n<p>Un contesto di forte stress per i lavoratori di fronte al quale per\u00f2 non vengono attivati ambulatori per l\u2019assistenza dei dipendenti. \u00abQuando \u00e8 necessario prendere decisioni in merito al contratto \u2013 continuano le sindacaliste della Fp Cisl -, l\u2019azienda lo fa sempre in danno dei lavoratori. Da tempo, per esempio, chiediamo che si applichi un piano di riduzione dello straordinario e delle ferie accumulate, che si fermi l\u2019esternalizzazione dei servizi e si curi maggiormente la sicurezza dei lavoratori. Ogni nostro sforzo \u00e8 stato finora vano. Con questo sciopero vogliamo far risaltare la difficile situazione nella speranza di essere ascoltati dalla direzione\u00bb.<\/p>\n","protected":false},"excerpt":{"rendered":"<p>Venerd\u00ec 4 ottobre, i lavoratori della sanit\u00e0 pubblica di Lecco e della Brianza si asterranno dal lavoro. A Lecco, si scioperer\u00e0 dalle 8 alle 10 di mattina, mentre in Brianza l\u2019astensione durer\u00e0 tutto il giorno. In concomitanza si terranno presidi davanti alle sedi delle Asst a Lecco, Monza e Desio. La mobilitazione \u00e8 stata proclamata [&hellip;]<\/p>\n","protected":false},"author":5,"featured_media":5926,"comment_status":"closed","ping_status":"open","sticky":false,"template":"","format":"standard","meta":{"footnotes":""},"categories":[1],"tags":[353,203],"class_list":{"0":"post-5925","1":"post","2":"type-post","3":"status-publish","4":"format-standard","5":"has-post-thumbnail","7":"category-notizie","8":"tag-sanita-pubblica","9":"tag-sciopero","10":"czr-hentry"},"_links":{"self":[{"href":"https:\/\/www.monzalecco.lombardia.cisl.it\/index.php?rest_route=\/wp\/v2\/posts\/5925","targetHints":{"allow":["GET"]}}],"collection":[{"href":"https:\/\/www.monzalecco.lombardia.cisl.it\/index.php?rest_route=\/wp\/v2\/posts"}],"about":[{"href":"https:\/\/www.monzalecco.lombardia.cisl.it\/index.php?rest_route=\/wp\/v2\/types\/post"}],"author":[{"embeddable":true,"href":"https:\/\/www.monzalecco.lombardia.cisl.it\/index.php?rest_route=\/wp\/v2\/users\/5"}],"replies":[{"embeddable":true,"href":"https:\/\/www.monzalecco.lombardia.cisl.it\/index.php?rest_route=%2Fwp%2Fv2%2Fcomments&post=5925"}],"version-history":[{"count":3,"href":"https:\/\/www.monzalecco.lombardia.cisl.it\/index.php?rest_route=\/wp\/v2\/posts\/5925\/revisions"}],"predecessor-version":[{"id":5929,"href":"https:\/\/www.monzalecco.lombardia.cisl.it\/index.php?rest_route=\/wp\/v2\/posts\/5925\/revisions\/5929"}],"wp:featuredmedia":[{"embeddable":true,"href":"https:\/\/www.monzalecco.lombardia.cisl.it\/index.php?rest_route=\/wp\/v2\/media\/5926"}],"wp:attachment":[{"href":"https:\/\/www.monzalecco.lombardia.cisl.it\/index.php?rest_route=%2Fwp%2Fv2%2Fmedia&parent=5925"}],"wp:term":[{"taxonomy":"category","embeddable":true,"href":"https:\/\/www.monzalecco.lombardia.cisl.it\/index.php?rest_route=%2Fwp%2Fv2%2Fcategories&post=5925"},{"taxonomy":"post_tag","embeddable":true,"href":"https:\/\/www.monzalecco.lombardia.cisl.it\/index.php?rest_route=%2Fwp%2Fv2%2Ftags&post=5925"}],"curies":[{"name":"wp","href":"https:\/\/api.w.org\/{rel}","templated":true}]}}