{"id":5934,"date":"2019-10-03T16:15:23","date_gmt":"2019-10-03T14:15:23","guid":{"rendered":"https:\/\/www.monzalecco.lombardia.cisl.it\/?p=5934"},"modified":"2019-10-03T16:19:11","modified_gmt":"2019-10-03T14:19:11","slug":"migranti-lue-sia-solidale","status":"publish","type":"post","link":"https:\/\/www.monzalecco.lombardia.cisl.it\/?p=5934","title":{"rendered":"\u00abMigranti, l&#8217;Ue sia solidale\u00bb"},"content":{"rendered":"<p>\u00abLa Cisl ricorda oggi, Giornata nazionale in memoria delle vittime dell\u2019immigrazione, le 368 persone che persero la vita nel tragico naufragio sulle coste di Lampedusa. Salvare le vite umane viene prima di tutto. \u00c8 un dovere universale\u00bb. Cos\u00ec su twitter la segretaria generale della Cisl, Annamaria Furlan, commenta la IV giornata in memoria delle vittime dell\u2019immigrazione, istituita due anni dopo la tragedia al largo di Lampedusa, il 3 ottobre del 2013.<\/p>\n<p>In una nota, la Cisl sottolinea i dati del recente rapporto dell\u2019Oim sui decessi dei migranti nel mondo che rilevano quasi 18.000 morti o dispersi nel Mediterraneo dal 2014 al 2018 (32.000 in tutte le rotte migratorie). \u00abEcco perch\u00e9 \u00e8 assolutamente non pi\u00f9 rinviabile un accordo tra i vari Paesi dell\u2019Ue perch\u00e9 si attui una politica comune e condivisa sull\u2019accoglienza affrontando, innanzitutto con l\u2019Onu, le innegabili violazioni dei diritti umani perpetrate nei campi di detenzione libica e portando a sistema le buone pratiche dei corridoi umanitari. Inoltre \u00e8 necessario promuovere politiche d\u2019ingresso regolare anche attraverso una programmazione dei flussi in base alle necessit\u00e0 produttive e alle capacit\u00e0 di assorbimento dei sistemi socio-economici dei singoli Paesi. Anche in questo modo, infatti, si pu\u00f2 contrastare il racket dei trafficanti di esseri umani ed avviare percorsi virtuosi di integrazione ed inclusione sociale come principali elementi per la sicurezza e la coesione. Siamo convinti che la regolarit\u00e0 degli ingressi possa divenire una condizione fondamentale per prevenire e contrastare lo sfruttamento e la schiavit\u00f9 in ambito lavorativo. Di fronte al fenomeno migratorio la comunit\u00e0 internazionale, poi, deve interrogarsi su come aiutare <em>in loco<\/em>\u00a0le popolazioni dei Paesi di origine dei flussi migratori, costrette a vivere tra guerre, persecuzioni e violenti sconvolgimenti climatici\u00bb.<\/p>\n","protected":false},"excerpt":{"rendered":"<p>\u00abLa Cisl ricorda oggi, Giornata nazionale in memoria delle vittime dell\u2019immigrazione, le 368 persone che persero la vita nel tragico naufragio sulle coste di Lampedusa. Salvare le vite umane viene prima di tutto. \u00c8 un dovere universale\u00bb. Cos\u00ec su twitter la segretaria generale della Cisl, Annamaria Furlan, commenta la IV giornata in memoria delle vittime [&hellip;]<\/p>\n","protected":false},"author":5,"featured_media":5935,"comment_status":"closed","ping_status":"open","sticky":false,"template":"","format":"standard","meta":{"footnotes":""},"categories":[1],"tags":[177,62],"class_list":{"0":"post-5934","1":"post","2":"type-post","3":"status-publish","4":"format-standard","5":"has-post-thumbnail","7":"category-notizie","8":"tag-annamaria-furlan","9":"tag-migranti","10":"czr-hentry"},"_links":{"self":[{"href":"https:\/\/www.monzalecco.lombardia.cisl.it\/index.php?rest_route=\/wp\/v2\/posts\/5934","targetHints":{"allow":["GET"]}}],"collection":[{"href":"https:\/\/www.monzalecco.lombardia.cisl.it\/index.php?rest_route=\/wp\/v2\/posts"}],"about":[{"href":"https:\/\/www.monzalecco.lombardia.cisl.it\/index.php?rest_route=\/wp\/v2\/types\/post"}],"author":[{"embeddable":true,"href":"https:\/\/www.monzalecco.lombardia.cisl.it\/index.php?rest_route=\/wp\/v2\/users\/5"}],"replies":[{"embeddable":true,"href":"https:\/\/www.monzalecco.lombardia.cisl.it\/index.php?rest_route=%2Fwp%2Fv2%2Fcomments&post=5934"}],"version-history":[{"count":1,"href":"https:\/\/www.monzalecco.lombardia.cisl.it\/index.php?rest_route=\/wp\/v2\/posts\/5934\/revisions"}],"predecessor-version":[{"id":5936,"href":"https:\/\/www.monzalecco.lombardia.cisl.it\/index.php?rest_route=\/wp\/v2\/posts\/5934\/revisions\/5936"}],"wp:featuredmedia":[{"embeddable":true,"href":"https:\/\/www.monzalecco.lombardia.cisl.it\/index.php?rest_route=\/wp\/v2\/media\/5935"}],"wp:attachment":[{"href":"https:\/\/www.monzalecco.lombardia.cisl.it\/index.php?rest_route=%2Fwp%2Fv2%2Fmedia&parent=5934"}],"wp:term":[{"taxonomy":"category","embeddable":true,"href":"https:\/\/www.monzalecco.lombardia.cisl.it\/index.php?rest_route=%2Fwp%2Fv2%2Fcategories&post=5934"},{"taxonomy":"post_tag","embeddable":true,"href":"https:\/\/www.monzalecco.lombardia.cisl.it\/index.php?rest_route=%2Fwp%2Fv2%2Ftags&post=5934"}],"curies":[{"name":"wp","href":"https:\/\/api.w.org\/{rel}","templated":true}]}}