{"id":5972,"date":"2019-10-09T17:03:36","date_gmt":"2019-10-09T15:03:36","guid":{"rendered":"https:\/\/www.monzalecco.lombardia.cisl.it\/?p=5972"},"modified":"2019-10-09T18:55:34","modified_gmt":"2019-10-09T16:55:34","slug":"furlan-prospettive-per-i-giovani","status":"publish","type":"post","link":"https:\/\/www.monzalecco.lombardia.cisl.it\/?p=5972","title":{"rendered":"Furlan: \u00abProspettive per i giovani\u00bb"},"content":{"rendered":"<p>Fatti, non solo parole. Dalle tribune, platea, palco del forum di Assago, oltre 13mila lavoratori e lavoratrici (tra i quali pi\u00f9 di 200 provenienti dal Lecchese e dalla brianza) riuniti per l\u2019assemblea nazionale di Cgil, Cisl e Uil lo hanno ribadito con forza questa mattina. \u00abDiscontinuit\u00e0 nei fatti\u00bb \u00e8 stata la parola d\u2019ordine della mattinata. Certamente, rispetto al governo Conte 1, Cgil, Cisl e Uil hanno registrato un cambio di passo. Ma non sono affatto intenzionati ad abbassare il livello della mobilitazione. Tutto dipender\u00e0 da come proseguir\u00e0 il confronto col governo e da come verr\u00e0 scritta la Finanziaria.<\/p>\n<p>Intanto, il 16 novembre, confederazioni e categorie saranno in piazza coi sindacati dei pensionati per la rivalutazione delle pensioni. Tanti i delegati Cgil, Cisl e Uil che si sono alternati sul palco con i segretari generali delle tre confederazioni, Annamaria Furlan, Maurizio Landini e Carmelo Barbagallo. Hanno ribadito le richieste dei lavoratori e dei pensionati, rivendicando attenzione reale ai concreti problemi delle persone, per dare nuove prospettive al Paese.<\/p>\n<p>\u00abNoi lavoratori vogliamo ricostruire qui l\u2019Italia \u2013 ha detto Marco Ceriani, delegato Fit Cisl in Trenord -. \u00c8 un progetto ambizioso, per qualcuno forse irrealizzabile. Ma tutti insieme possiamo farcela\u00bb. Giulia Ranieri, delegata Cisl al Cnr, ha ricordato le enormi difficolt\u00e0 dei giovani che vogliono dedicarsi allo studio e alla ricerca per l\u2019innovazione. \u00abTanti ministeri si occupano della ricerca, ma sono sempre molto distratti \u2013 sottolinea -. Non lo sono altrettanto quando devono effettuare nomine. Non stupiamoci se i giovani cercano lavoro all\u2019estero. Ai ragazzi servono opportunit\u00e0 di lavoro, non forme di assistenzialismo\u00bb.<\/p>\n<p>Giovani che pagano un prezzo troppo alto alla precariet\u00e0 del lavoro, lo ha ricordato anche la segretaria generale della Cisl. \u00abLa prossima Finanziaria \u2013 ha detto Furlan \u2013 pur nelle ristrettezze deve dare segnali forti di discontinuit\u00e0, su universit\u00e0, innovazione, ricerca, impresa 4.0. I nostri giovani hanno bisogno di prospettive\u00bb.<\/p>\n<p>Cos\u00ec come hanno bisogno di risposte concrete 12mila lavoratori pubblici i attesa del rinnovo del contratto. \u00abL\u2019anno prossimo deve essere l\u2019anno dei contratti, con risorse vere \u2013 ha detto Furlan \u2013 a partire quei 370mila precari della pubblica amministrazione che hanno il diritto di avere finalmente un lavoro stabile\u00bb.<\/p>\n<p>Nel suo ampio intervento, la segretaria generale della Cisl ha sollecitato lo sblocco delle infrastrutture. \u00abBisogna sbloccare finalmente gli 80 miliardi gi\u00e0 stanziati sulle opere infrastrutturali \u2013 ha ricordato \u2013 e poi vogliamo una riforma fiscale che metta al centro il lavoro\u00bb.<\/p>\n<p>Tra i temi caldi anche la salute e la sicurezza sul lavoro. Tre al giorno i morti, una vera e propria strage, hanno denunciato Cgil, Cisl, Uil. \u00abUn dato inaccettabile per un Paese civile \u2013 ha commentato a margine il segretario generale della Cisl Lombardia, Ugo Duci -. E allora i governi regionali e nazionali si coordino per avviare interventi concreti, affinch\u00e9 si smetta di morire sul lavoro\u00bb.<\/p>\n<p>\u00abOggi &#8211; conclude Rita Pavan, segretaria generale Cisl Monza Brianza Lecco &#8211; sono stati toccati temi fondamentali. Temi sui quali il sindacato \u00e8 fortemente impegnato e sui quali non far\u00e0 sconti a nessun governo perch\u00e9 riguardano gli interessi legittimi di milioni di persone. Come Cisl siamo pronti a portare avanti questa battaglia a tutti i livelli. Quindi anche sui nostri territori ci impegneremo al massimo per garantire i fatti e non solo belle parole\u00bb.<\/p>\n","protected":false},"excerpt":{"rendered":"<p>Fatti, non solo parole. Dalle tribune, platea, palco del forum di Assago, oltre 13mila lavoratori e lavoratrici (tra i quali pi\u00f9 di 200 provenienti dal Lecchese e dalla brianza) riuniti per l\u2019assemblea nazionale di Cgil, Cisl e Uil lo hanno ribadito con forza questa mattina. \u00abDiscontinuit\u00e0 nei fatti\u00bb \u00e8 stata la parola d\u2019ordine della mattinata. [&hellip;]<\/p>\n","protected":false},"author":5,"featured_media":5975,"comment_status":"closed","ping_status":"open","sticky":false,"template":"","format":"standard","meta":{"footnotes":""},"categories":[1],"tags":[177,446,448,149,31,447,404,438,150],"class_list":{"0":"post-5972","1":"post","2":"type-post","3":"status-publish","4":"format-standard","5":"has-post-thumbnail","7":"category-notizie","8":"tag-annamaria-furlan","9":"tag-assago","10":"tag-assemblea","11":"tag-cgil","12":"tag-cisl","13":"tag-delegata","14":"tag-delegato","15":"tag-milano","16":"tag-uil","17":"czr-hentry"},"_links":{"self":[{"href":"https:\/\/www.monzalecco.lombardia.cisl.it\/index.php?rest_route=\/wp\/v2\/posts\/5972","targetHints":{"allow":["GET"]}}],"collection":[{"href":"https:\/\/www.monzalecco.lombardia.cisl.it\/index.php?rest_route=\/wp\/v2\/posts"}],"about":[{"href":"https:\/\/www.monzalecco.lombardia.cisl.it\/index.php?rest_route=\/wp\/v2\/types\/post"}],"author":[{"embeddable":true,"href":"https:\/\/www.monzalecco.lombardia.cisl.it\/index.php?rest_route=\/wp\/v2\/users\/5"}],"replies":[{"embeddable":true,"href":"https:\/\/www.monzalecco.lombardia.cisl.it\/index.php?rest_route=%2Fwp%2Fv2%2Fcomments&post=5972"}],"version-history":[{"count":3,"href":"https:\/\/www.monzalecco.lombardia.cisl.it\/index.php?rest_route=\/wp\/v2\/posts\/5972\/revisions"}],"predecessor-version":[{"id":5978,"href":"https:\/\/www.monzalecco.lombardia.cisl.it\/index.php?rest_route=\/wp\/v2\/posts\/5972\/revisions\/5978"}],"wp:featuredmedia":[{"embeddable":true,"href":"https:\/\/www.monzalecco.lombardia.cisl.it\/index.php?rest_route=\/wp\/v2\/media\/5975"}],"wp:attachment":[{"href":"https:\/\/www.monzalecco.lombardia.cisl.it\/index.php?rest_route=%2Fwp%2Fv2%2Fmedia&parent=5972"}],"wp:term":[{"taxonomy":"category","embeddable":true,"href":"https:\/\/www.monzalecco.lombardia.cisl.it\/index.php?rest_route=%2Fwp%2Fv2%2Fcategories&post=5972"},{"taxonomy":"post_tag","embeddable":true,"href":"https:\/\/www.monzalecco.lombardia.cisl.it\/index.php?rest_route=%2Fwp%2Fv2%2Ftags&post=5972"}],"curies":[{"name":"wp","href":"https:\/\/api.w.org\/{rel}","templated":true}]}}