{"id":6021,"date":"2019-10-17T17:00:31","date_gmt":"2019-10-17T15:00:31","guid":{"rendered":"https:\/\/www.monzalecco.lombardia.cisl.it\/?p=6021"},"modified":"2019-10-17T17:03:12","modified_gmt":"2019-10-17T15:03:12","slug":"catene-regina-e-sciopero","status":"publish","type":"post","link":"https:\/\/www.monzalecco.lombardia.cisl.it\/?p=6021","title":{"rendered":"Catene Regina, \u00e8 sciopero"},"content":{"rendered":"<p>Sciopero questa mattina alla Catene Regina di Olginate e Cernusco (Lc). I lavoratori, oltre 300 nei due siti, hanno incrociato le braccia per contestare le difficili relazioni con la direzione aziendale. \u00abDenunciamo \u2013 spiega Lorena Silvani, Fim Cisl Mbl \u2013 la mancanza di un reale confronto di merito su questioni importanti della vita dell\u2019impresa. Le Rsu e le Rlsnon sono coinvolte, se non in modo limitato alle necessit\u00e0 continegnti, su tematiche come la gestione della cassa integrazione, le problematiche organizzative, la mancanza di risposte sul tema sicurezza\u00bb.<\/p>\n<p>In azienda, che \u00e8 una realt\u00e0 storica del territorio lecchese, si vive anche un clima difficile. \u00abDa tempo \u2013 continua Lorena Silvani -, ma soprattutto in questi ultimi mesi, si \u00e8 assistito da parte dell\u2019azienda a un massiccio utilizzo di contestazioni disciplinari nei confronti di diversi lavoratori, che hanno portato in molti casi a sospensioni e licenziamenti\u00bb.<\/p>\n<p>Ci\u00f2 ha creato un clima di precariet\u00e0 e insicurezza tra i lavoratori. \u00abL\u2019azienda in s\u00e9 non va male &#8211; conclude Lorena Silvani -. \u00c8 vero \u00e8 applicata la cassa integrazione ordinaria per flessioni di mercato, ma non c\u2019\u00e8 alcuna crisi grave in corso. Quindi, a maggior ragione, sono inaccettabili le conseguenze che hanno subito i lavoratori coinvolti,come \u00e8 inaccettabile il clima intimidatorio che vige in azienda e che vivono tutti i lavoratori. Nei prossimi giorni vedremo quali reazioni avr\u00e0 l\u2019azienda alla nostra iniziativa\u00bb.<\/p>\n","protected":false},"excerpt":{"rendered":"<p>Sciopero questa mattina alla Catene Regina di Olginate e Cernusco (Lc). I lavoratori, oltre 300 nei due siti, hanno incrociato le braccia per contestare le difficili relazioni con la direzione aziendale. \u00abDenunciamo \u2013 spiega Lorena Silvani, Fim Cisl Mbl \u2013 la mancanza di un reale confronto di merito su questioni importanti della vita dell\u2019impresa. Le [&hellip;]<\/p>\n","protected":false},"author":5,"featured_media":6023,"comment_status":"closed","ping_status":"open","sticky":false,"template":"","format":"standard","meta":{"footnotes":""},"categories":[1],"tags":[452,27],"class_list":{"0":"post-6021","1":"post","2":"type-post","3":"status-publish","4":"format-standard","5":"has-post-thumbnail","7":"category-notizie","8":"tag-catene-regina","9":"tag-fim","10":"czr-hentry"},"_links":{"self":[{"href":"https:\/\/www.monzalecco.lombardia.cisl.it\/index.php?rest_route=\/wp\/v2\/posts\/6021","targetHints":{"allow":["GET"]}}],"collection":[{"href":"https:\/\/www.monzalecco.lombardia.cisl.it\/index.php?rest_route=\/wp\/v2\/posts"}],"about":[{"href":"https:\/\/www.monzalecco.lombardia.cisl.it\/index.php?rest_route=\/wp\/v2\/types\/post"}],"author":[{"embeddable":true,"href":"https:\/\/www.monzalecco.lombardia.cisl.it\/index.php?rest_route=\/wp\/v2\/users\/5"}],"replies":[{"embeddable":true,"href":"https:\/\/www.monzalecco.lombardia.cisl.it\/index.php?rest_route=%2Fwp%2Fv2%2Fcomments&post=6021"}],"version-history":[{"count":1,"href":"https:\/\/www.monzalecco.lombardia.cisl.it\/index.php?rest_route=\/wp\/v2\/posts\/6021\/revisions"}],"predecessor-version":[{"id":6022,"href":"https:\/\/www.monzalecco.lombardia.cisl.it\/index.php?rest_route=\/wp\/v2\/posts\/6021\/revisions\/6022"}],"wp:featuredmedia":[{"embeddable":true,"href":"https:\/\/www.monzalecco.lombardia.cisl.it\/index.php?rest_route=\/wp\/v2\/media\/6023"}],"wp:attachment":[{"href":"https:\/\/www.monzalecco.lombardia.cisl.it\/index.php?rest_route=%2Fwp%2Fv2%2Fmedia&parent=6021"}],"wp:term":[{"taxonomy":"category","embeddable":true,"href":"https:\/\/www.monzalecco.lombardia.cisl.it\/index.php?rest_route=%2Fwp%2Fv2%2Fcategories&post=6021"},{"taxonomy":"post_tag","embeddable":true,"href":"https:\/\/www.monzalecco.lombardia.cisl.it\/index.php?rest_route=%2Fwp%2Fv2%2Ftags&post=6021"}],"curies":[{"name":"wp","href":"https:\/\/api.w.org\/{rel}","templated":true}]}}