{"id":6029,"date":"2019-10-18T16:51:10","date_gmt":"2019-10-18T14:51:10","guid":{"rendered":"https:\/\/www.monzalecco.lombardia.cisl.it\/?p=6029"},"modified":"2019-10-18T18:32:03","modified_gmt":"2019-10-18T16:32:03","slug":"vismara-nel-mezzo-del-guado","status":"publish","type":"post","link":"https:\/\/www.monzalecco.lombardia.cisl.it\/?p=6029","title":{"rendered":"Vismara nel mezzo del guado"},"content":{"rendered":"<p>L\u2019acquirente c\u2019era. L\u2019accordo era a un passo. Poi tutto \u00e8 sfumato. La Vismara di Casatenovo ora attende risposte dall&#8217;udienza che si terr\u00e0 il 6 novembre e da che cosa decider\u00e0 il giudice in quella sede.<\/p>\n<p>Le difficolt\u00e0 del salumificio sono legate a quella del gruppo Ferrarini di Reggio Emilia che lo controlla. Da alcuni anni, quest\u2019ultimo sta vivendo una profonda crisi finanziaria legata a problemi di liquidit\u00e0.<\/p>\n<p>Nei mesi scorsi, il gruppo alimentare Amadori Spa aveva presentato un piano di concordato in continuit\u00e0 il cui scopo era l\u2019acquisizione del marchio Vismara e del sito produttivo di Casatenovo. L\u2019accordo non \u00e8 per\u00f2 andato a buon fine e ora la situazione risulta essere pi\u00f9 critica. \u00abIl 6 novembre &#8211; spiega Enzo Mesagna della Fai Cisl Mbl &#8211; si terr\u00e0 un&#8217;udienza nella quale il giudice si esprimer\u00e0. Tutto dipender\u00e0 da che cosa succeder\u00e0 da qui a quella data. Potrebbero esserci nuove offerte, forse si decider\u00e0 per un nuovo concordato. Al momento \u00e8 difficile dire come evolver\u00e0 la situazione\u00bb.<\/p>\n<p>Nello stabilimento brianzolo lavorano ancora 180 dipendenti (solo un anno fa erano 230). Fino a febbraio potranno godere delle risorse della cassa integrazione. \u00abLa cassa integrazione speciale \u00e8 a rotazione &#8211; conclude Enzo Mesagna -. Quindi i reparti lavorano. Abbiamo anche avviato le procedure per le politiche attive del lavoro. Adesso \u00e8 prematura qualsiasi azione. Attendiamo le prossime settimane per sapere di pi\u00f9 e per capire quale svolta prender\u00e0 la crisi. Quello che possiamo assicurare \u00e8 che non lasceremo i lavoratori al loro destino, ma continueremo a lavorare per difenderli come abbiamo fatto finora\u00bb.<\/p>\n","protected":false},"excerpt":{"rendered":"<p>L\u2019acquirente c\u2019era. L\u2019accordo era a un passo. Poi tutto \u00e8 sfumato. La Vismara di Casatenovo ora attende risposte dall&#8217;udienza che si terr\u00e0 il 6 novembre e da che cosa decider\u00e0 il giudice in quella sede. Le difficolt\u00e0 del salumificio sono legate a quella del gruppo Ferrarini di Reggio Emilia che lo controlla. Da alcuni anni, [&hellip;]<\/p>\n","protected":false},"author":5,"featured_media":6030,"comment_status":"closed","ping_status":"open","sticky":false,"template":"","format":"standard","meta":{"footnotes":""},"categories":[1],"tags":[68,84],"class_list":{"0":"post-6029","1":"post","2":"type-post","3":"status-publish","4":"format-standard","5":"has-post-thumbnail","7":"category-notizie","8":"tag-fai","9":"tag-vismara","10":"czr-hentry"},"_links":{"self":[{"href":"https:\/\/www.monzalecco.lombardia.cisl.it\/index.php?rest_route=\/wp\/v2\/posts\/6029","targetHints":{"allow":["GET"]}}],"collection":[{"href":"https:\/\/www.monzalecco.lombardia.cisl.it\/index.php?rest_route=\/wp\/v2\/posts"}],"about":[{"href":"https:\/\/www.monzalecco.lombardia.cisl.it\/index.php?rest_route=\/wp\/v2\/types\/post"}],"author":[{"embeddable":true,"href":"https:\/\/www.monzalecco.lombardia.cisl.it\/index.php?rest_route=\/wp\/v2\/users\/5"}],"replies":[{"embeddable":true,"href":"https:\/\/www.monzalecco.lombardia.cisl.it\/index.php?rest_route=%2Fwp%2Fv2%2Fcomments&post=6029"}],"version-history":[{"count":5,"href":"https:\/\/www.monzalecco.lombardia.cisl.it\/index.php?rest_route=\/wp\/v2\/posts\/6029\/revisions"}],"predecessor-version":[{"id":6042,"href":"https:\/\/www.monzalecco.lombardia.cisl.it\/index.php?rest_route=\/wp\/v2\/posts\/6029\/revisions\/6042"}],"wp:featuredmedia":[{"embeddable":true,"href":"https:\/\/www.monzalecco.lombardia.cisl.it\/index.php?rest_route=\/wp\/v2\/media\/6030"}],"wp:attachment":[{"href":"https:\/\/www.monzalecco.lombardia.cisl.it\/index.php?rest_route=%2Fwp%2Fv2%2Fmedia&parent=6029"}],"wp:term":[{"taxonomy":"category","embeddable":true,"href":"https:\/\/www.monzalecco.lombardia.cisl.it\/index.php?rest_route=%2Fwp%2Fv2%2Fcategories&post=6029"},{"taxonomy":"post_tag","embeddable":true,"href":"https:\/\/www.monzalecco.lombardia.cisl.it\/index.php?rest_route=%2Fwp%2Fv2%2Ftags&post=6029"}],"curies":[{"name":"wp","href":"https:\/\/api.w.org\/{rel}","templated":true}]}}