{"id":6064,"date":"2019-10-23T16:47:58","date_gmt":"2019-10-23T14:47:58","guid":{"rendered":"https:\/\/www.monzalecco.lombardia.cisl.it\/?p=6064"},"modified":"2019-10-23T16:52:17","modified_gmt":"2019-10-23T14:52:17","slug":"sma-auchan-si-sciopera","status":"publish","type":"post","link":"https:\/\/www.monzalecco.lombardia.cisl.it\/?p=6064","title":{"rendered":"Sma Auchan, si sciopera"},"content":{"rendered":"<p>Il 30 ottobre, i dipendenti del gruppo Sma Auchan, recentemente venduto alla Conad, sciopereranno in concomitanza dell\u2019incontro tra organizzazioni sindacali e direzione al ministero per lo Sviluppo economico. \u00abL\u2019incontro \u2013 spiega Francesco Barazzetta, Fisascat Cisl Mbl \u2013 \u00e8 stato chiesto per fare chiarezza sulle strategie della Conad in merito all\u2019acquisizione della Sma Auchan. Finora non sono chiari i dettagli relativi ai lavoratori\u00bb.<\/p>\n<p><img loading=\"lazy\" decoding=\"async\" class=\"size-medium wp-image-6067 alignleft\" src=\"https:\/\/www.monzalecco.lombardia.cisl.it\/wp-content\/uploads\/2019\/10\/IMG-20191023-WA0001-300x300.jpg\" alt=\"\" width=\"300\" height=\"300\" srcset=\"https:\/\/www.monzalecco.lombardia.cisl.it\/wp-content\/uploads\/2019\/10\/IMG-20191023-WA0001-300x300.jpg 300w, https:\/\/www.monzalecco.lombardia.cisl.it\/wp-content\/uploads\/2019\/10\/IMG-20191023-WA0001-150x150.jpg 150w, https:\/\/www.monzalecco.lombardia.cisl.it\/wp-content\/uploads\/2019\/10\/IMG-20191023-WA0001-768x768.jpg 768w, https:\/\/www.monzalecco.lombardia.cisl.it\/wp-content\/uploads\/2019\/10\/IMG-20191023-WA0001-1024x1024.jpg 1024w, https:\/\/www.monzalecco.lombardia.cisl.it\/wp-content\/uploads\/2019\/10\/IMG-20191023-WA0001-510x510.jpg 510w, https:\/\/www.monzalecco.lombardia.cisl.it\/wp-content\/uploads\/2019\/10\/IMG-20191023-WA0001.jpg 1600w\" sizes=\"auto, (max-width: 300px) 100vw, 300px\" \/>Attualmente, infatti, non si conoscono fino in fondo le intenzioni del gruppo Conad. A livello nazionale, dei 18mila dipendenti dell\u2019Auchan, 5.700 dovrebbero subito passare a Conad a breve, insieme a 109 punti vendita. Degli altri non si conosce il destino. Le ricadute sono forti anche a livello territoriale. Nelle province di Lecco e Monza-Brianza, solo tre punti vendita passeranno subito al nuovo acquirente: l\u2019Iper di Merate (200 dipendenti), lo Sma di Lecco(40 dipendenti) e lo Sma di Lissone (50 dipendenti). Nulla si sa del destino dell\u2019Auchan di Monza e di altri cinque supermercati e dei loro circa 500 dipendenti. Di fronte a questa situazione, Conad non ha per\u00f2 dichiarato alcun esubero<\/p>\n<p>\u00abNell\u2019incontro \u2013 conclude Barazzetta -, il sindacato chieder\u00e0 quali intenzioni ha la direzione e quale trattamento sar\u00e0 riservato a chi lavora in punti vendita che non passeranno direttamente a Conad. Rimane il dubbio anche per chi passer\u00e0 al nuovo gruppo. Conad \u00e8 un associazione che riunisce numerosi imprenditori. Ognuno opera indipendentemente anche se esistono elementi in comune con gli altri. Ci\u00f2 significa che i dipendenti non faranno pi\u00f9 parte di un gruppo unico. Rischiano quindi di avere trattamenti diversi. Nell\u2019incontro con la direzione verificheremo quindi se sar\u00e0 possibile evitare un\u2019eccessiva frammentazione dei trattamenti\u00bb.<\/p>\n<p>&nbsp;<\/p>\n","protected":false},"excerpt":{"rendered":"<p>Il 30 ottobre, i dipendenti del gruppo Sma Auchan, recentemente venduto alla Conad, sciopereranno in concomitanza dell\u2019incontro tra organizzazioni sindacali e direzione al ministero per lo Sviluppo economico. \u00abL\u2019incontro \u2013 spiega Francesco Barazzetta, Fisascat Cisl Mbl \u2013 \u00e8 stato chiesto per fare chiarezza sulle strategie della Conad in merito all\u2019acquisizione della Sma Auchan. Finora non [&hellip;]<\/p>\n","protected":false},"author":5,"featured_media":6066,"comment_status":"closed","ping_status":"open","sticky":false,"template":"","format":"standard","meta":{"footnotes":""},"categories":[1],"tags":[365,366],"class_list":{"0":"post-6064","1":"post","2":"type-post","3":"status-publish","4":"format-standard","5":"has-post-thumbnail","7":"category-notizie","8":"tag-auchan","9":"tag-conad","10":"czr-hentry"},"_links":{"self":[{"href":"https:\/\/www.monzalecco.lombardia.cisl.it\/index.php?rest_route=\/wp\/v2\/posts\/6064","targetHints":{"allow":["GET"]}}],"collection":[{"href":"https:\/\/www.monzalecco.lombardia.cisl.it\/index.php?rest_route=\/wp\/v2\/posts"}],"about":[{"href":"https:\/\/www.monzalecco.lombardia.cisl.it\/index.php?rest_route=\/wp\/v2\/types\/post"}],"author":[{"embeddable":true,"href":"https:\/\/www.monzalecco.lombardia.cisl.it\/index.php?rest_route=\/wp\/v2\/users\/5"}],"replies":[{"embeddable":true,"href":"https:\/\/www.monzalecco.lombardia.cisl.it\/index.php?rest_route=%2Fwp%2Fv2%2Fcomments&post=6064"}],"version-history":[{"count":2,"href":"https:\/\/www.monzalecco.lombardia.cisl.it\/index.php?rest_route=\/wp\/v2\/posts\/6064\/revisions"}],"predecessor-version":[{"id":6068,"href":"https:\/\/www.monzalecco.lombardia.cisl.it\/index.php?rest_route=\/wp\/v2\/posts\/6064\/revisions\/6068"}],"wp:featuredmedia":[{"embeddable":true,"href":"https:\/\/www.monzalecco.lombardia.cisl.it\/index.php?rest_route=\/wp\/v2\/media\/6066"}],"wp:attachment":[{"href":"https:\/\/www.monzalecco.lombardia.cisl.it\/index.php?rest_route=%2Fwp%2Fv2%2Fmedia&parent=6064"}],"wp:term":[{"taxonomy":"category","embeddable":true,"href":"https:\/\/www.monzalecco.lombardia.cisl.it\/index.php?rest_route=%2Fwp%2Fv2%2Fcategories&post=6064"},{"taxonomy":"post_tag","embeddable":true,"href":"https:\/\/www.monzalecco.lombardia.cisl.it\/index.php?rest_route=%2Fwp%2Fv2%2Ftags&post=6064"}],"curies":[{"name":"wp","href":"https:\/\/api.w.org\/{rel}","templated":true}]}}