{"id":6519,"date":"2020-01-13T15:55:43","date_gmt":"2020-01-13T14:55:43","guid":{"rendered":"https:\/\/www.monzalecco.lombardia.cisl.it\/?p=6519"},"modified":"2020-01-13T16:04:20","modified_gmt":"2020-01-13T15:04:20","slug":"inps-tagli-informatici-restituiti","status":"publish","type":"post","link":"https:\/\/www.monzalecco.lombardia.cisl.it\/?p=6519","title":{"rendered":"Inps, tagli \u00abinformatici\u00bb restituiti"},"content":{"rendered":"<p>C\u2019era chi si aspettava una rivalutazione dello 0,4%. Un piccolo aumento relativo ai trattamenti pensionistici pari a quattro volte il trattamento minimo, come previsto dalla Legge di bilancio. Per le pensioni pi\u00f9 elevate, l\u2019incremento era ancora pi\u00f9 limitato. Ma in tanti casi c\u2019era anche la possibilit\u00e0 di una leggerissima diminuzione dell\u2019assegno pensionistico dovuta al conguaglio fiscale. Invece, per molti pensionati brianzoli, il primo assegno del 2020 ha portato un taglio pesante e ingiustificato, compreso tra i 60 e i 150 euro.<\/p>\n<figure id=\"attachment_6520\" aria-describedby=\"caption-attachment-6520\" style=\"width: 300px\" class=\"wp-caption alignright\"><img loading=\"lazy\" decoding=\"async\" class=\"wp-image-6520 size-medium\" src=\"https:\/\/www.monzalecco.lombardia.cisl.it\/wp-content\/uploads\/2020\/01\/beppe-saronni-cisl-300x225.jpg\" alt=\"beppe saronni cisl\" width=\"300\" height=\"225\" srcset=\"https:\/\/www.monzalecco.lombardia.cisl.it\/wp-content\/uploads\/2020\/01\/beppe-saronni-cisl-300x225.jpg 300w, https:\/\/www.monzalecco.lombardia.cisl.it\/wp-content\/uploads\/2020\/01\/beppe-saronni-cisl-768x576.jpg 768w, https:\/\/www.monzalecco.lombardia.cisl.it\/wp-content\/uploads\/2020\/01\/beppe-saronni-cisl-1024x768.jpg 1024w\" sizes=\"auto, (max-width: 300px) 100vw, 300px\" \/><figcaption id=\"caption-attachment-6520\" class=\"wp-caption-text\">Giuseppe Saronni, Fnp Cisl Mbl<\/figcaption><\/figure>\n<p>L\u2019Inps tramite un comunicato (\u00abDebito da rinnovo pensioni gennaio 2020\u00bb) ha ammesso lo sbaglio nel conteggio del trattamento pensionistico, innescato a livello nazionale da un errore del sistema informatico. E ha gi\u00e0 provveduto a riesaminare, attraverso un\u2019apposita lavorazione, gli assegni interessati dall\u2019immotivata diminuzione.<\/p>\n<p>Quanto indebitamente trattenuto, verr\u00e0 perci\u00f2 restituito con la mensilit\u00e0 di febbraio. Intanto, per\u00f2, i pensionati che hanno dovuto fare i conti con l\u2019inaspettata decurtazione dell\u2019assegno, hanno ovviamente chiesto informazioni. In molti hanno contattato la sede monzese di via Dante della Fnp Cisl Monza Brianza Lecco. \u00abIn questo periodo &#8211; precisa Beppe Saronni, segretario Fnp Cisl Monza Brianza Lecco -, riceviamo mediamente una trentina di telefonate al giorno di pensionati molto preoccupati. La gente vuole capire. Anche perch\u00e9 il conguaglio fiscale, cio\u00e8 quello che viene calcolato in base alla pensione percepita nel 2019, \u00e8 sempre modesto: parliamo di cifre solitamente nell\u2019ordine di qualche euro. Qui, invece, la cifra mancante \u00e8 decisamente pi\u00f9 elevata\u00bb.<\/p>\n<p>La questione coinvolge circa 20mila trattamenti pensionistici erogati dall\u2019Inps nella provincia di Monza. In pratica, circa la met\u00e0 di quelle gestite complessivamente nell\u2019area brianzola. Il taglio inaspettato riguarda le pensioni di 1.539 euro lordi mensili, cio\u00e8 tre volte il trattamento minino. La trattenuta ingiustificata riguarda appunto quelle pensioni soggette a rivalutazione in base alla sentenza n. 70\/2015 della Corte costituzionale.<\/p>\n<p>In particolare, la quota di trattamento pensionistico relativa all\u2019applicazione di questa sentenza, non \u00e8 stata ricompresa nell\u2019importo lordo della stessa mensilit\u00e0. Un errore che ha comportato la diminuzione degli importi relativi a dicembre 2019 e gennaio 2020. Il (presunto) debito \u00e8 stato cos\u00ec trattenuto a gennaio. Da qui l\u2019amara sorpresa d\u2019inizio d\u2019anno per tanti titolari di pensione.<\/p>\n<p>\u00abL\u2019Inps &#8211; aggiunge Saronni &#8211; ha gi\u00e0 comunicato il ripristino del corretto sistema di calcolo e gi\u00e0 con il pagamento di febbraio quanto indebitamente trattenuto verr\u00e0 restituito. Ma \u00e8 opportuno che i pensionati verifichino il proprio cedolino di febbraio per controllare il corretto pagamento. In caso di dubbi, sar\u00e0 necessario effettuare un ulteriore controllo ed, eventualmente, provvedere alla richiesta di ricostituzione della pensione\u00bb.<\/p>\n","protected":false},"excerpt":{"rendered":"<p>C\u2019era chi si aspettava una rivalutazione dello 0,4%. Un piccolo aumento relativo ai trattamenti pensionistici pari a quattro volte il trattamento minimo, come previsto dalla Legge di bilancio. Per le pensioni pi\u00f9 elevate, l\u2019incremento era ancora pi\u00f9 limitato. Ma in tanti casi c\u2019era anche la possibilit\u00e0 di una leggerissima diminuzione dell\u2019assegno pensionistico dovuta al conguaglio [&hellip;]<\/p>\n","protected":false},"author":5,"featured_media":1382,"comment_status":"closed","ping_status":"open","sticky":false,"template":"","format":"standard","meta":{"footnotes":""},"categories":[1],"tags":[498,453,221],"class_list":{"0":"post-6519","1":"post","2":"type-post","3":"status-publish","4":"format-standard","5":"has-post-thumbnail","7":"category-notizie","8":"tag-giuseppe-saronni","9":"tag-inps","10":"tag-pensioni","11":"czr-hentry"},"_links":{"self":[{"href":"https:\/\/www.monzalecco.lombardia.cisl.it\/index.php?rest_route=\/wp\/v2\/posts\/6519","targetHints":{"allow":["GET"]}}],"collection":[{"href":"https:\/\/www.monzalecco.lombardia.cisl.it\/index.php?rest_route=\/wp\/v2\/posts"}],"about":[{"href":"https:\/\/www.monzalecco.lombardia.cisl.it\/index.php?rest_route=\/wp\/v2\/types\/post"}],"author":[{"embeddable":true,"href":"https:\/\/www.monzalecco.lombardia.cisl.it\/index.php?rest_route=\/wp\/v2\/users\/5"}],"replies":[{"embeddable":true,"href":"https:\/\/www.monzalecco.lombardia.cisl.it\/index.php?rest_route=%2Fwp%2Fv2%2Fcomments&post=6519"}],"version-history":[{"count":3,"href":"https:\/\/www.monzalecco.lombardia.cisl.it\/index.php?rest_route=\/wp\/v2\/posts\/6519\/revisions"}],"predecessor-version":[{"id":6522,"href":"https:\/\/www.monzalecco.lombardia.cisl.it\/index.php?rest_route=\/wp\/v2\/posts\/6519\/revisions\/6522"}],"wp:featuredmedia":[{"embeddable":true,"href":"https:\/\/www.monzalecco.lombardia.cisl.it\/index.php?rest_route=\/wp\/v2\/media\/1382"}],"wp:attachment":[{"href":"https:\/\/www.monzalecco.lombardia.cisl.it\/index.php?rest_route=%2Fwp%2Fv2%2Fmedia&parent=6519"}],"wp:term":[{"taxonomy":"category","embeddable":true,"href":"https:\/\/www.monzalecco.lombardia.cisl.it\/index.php?rest_route=%2Fwp%2Fv2%2Fcategories&post=6519"},{"taxonomy":"post_tag","embeddable":true,"href":"https:\/\/www.monzalecco.lombardia.cisl.it\/index.php?rest_route=%2Fwp%2Fv2%2Ftags&post=6519"}],"curies":[{"name":"wp","href":"https:\/\/api.w.org\/{rel}","templated":true}]}}