{"id":6531,"date":"2020-01-15T16:58:21","date_gmt":"2020-01-15T15:58:21","guid":{"rendered":"https:\/\/www.monzalecco.lombardia.cisl.it\/?p=6531"},"modified":"2020-01-15T16:58:21","modified_gmt":"2020-01-15T15:58:21","slug":"cena-della-legalita-a-muggio","status":"publish","type":"post","link":"https:\/\/www.monzalecco.lombardia.cisl.it\/?p=6531","title":{"rendered":"Cena della legalit\u00e0 a Muggi\u00f2"},"content":{"rendered":"<p>Anche quest&#8217;anno, Libera Monza e Brianza ha organizzato una cena della legalit\u00e0, che \u00e8 un&#8217;ottima occasione per sostenere e tesserarsi all&#8217;associazione che combatte le mafie.<\/p>\n<p>L&#8217;iniziativa si terr\u00e0 sabato 1\u00b0 febbraio (ore 20) all&#8217;oratorio San Francesco in via Cesare Battisti a Muggi\u00f2. Il costo \u00e8 di 25 euro, per i minori di 25 anni e i disoccupati \u00e8 di 15 euro.<\/p>\n<p>Per iscrizioni, scrivere a <a href=\"mailto:mb@libera.it\">mb@libera.it<\/a> o telefonare a Enzo, cell. 3336452574.<\/p>\n<p><a href=\"https:\/\/www.monzalecco.lombardia.cisl.it\/wp-content\/uploads\/2020\/01\/Il-volantino-1.pdf\">Il volantino<\/a><\/p>\n","protected":false},"excerpt":{"rendered":"<p>Anche quest&#8217;anno, Libera Monza e Brianza ha organizzato una cena della legalit\u00e0, che \u00e8 un&#8217;ottima occasione per sostenere e tesserarsi all&#8217;associazione che combatte le mafie. L&#8217;iniziativa si terr\u00e0 sabato 1\u00b0 febbraio (ore 20) all&#8217;oratorio San Francesco in via Cesare Battisti a Muggi\u00f2. Il costo \u00e8 di 25 euro, per i minori di 25 anni e [&hellip;]<\/p>\n","protected":false},"author":5,"featured_media":6533,"comment_status":"closed","ping_status":"open","sticky":false,"template":"","format":"standard","meta":{"footnotes":""},"categories":[1],"tags":[500,499,67],"class_list":{"0":"post-6531","1":"post","2":"type-post","3":"status-publish","4":"format-standard","5":"has-post-thumbnail","7":"category-notizie","8":"tag-cena","9":"tag-libera","10":"tag-muggio","11":"czr-hentry"},"_links":{"self":[{"href":"https:\/\/www.monzalecco.lombardia.cisl.it\/index.php?rest_route=\/wp\/v2\/posts\/6531","targetHints":{"allow":["GET"]}}],"collection":[{"href":"https:\/\/www.monzalecco.lombardia.cisl.it\/index.php?rest_route=\/wp\/v2\/posts"}],"about":[{"href":"https:\/\/www.monzalecco.lombardia.cisl.it\/index.php?rest_route=\/wp\/v2\/types\/post"}],"author":[{"embeddable":true,"href":"https:\/\/www.monzalecco.lombardia.cisl.it\/index.php?rest_route=\/wp\/v2\/users\/5"}],"replies":[{"embeddable":true,"href":"https:\/\/www.monzalecco.lombardia.cisl.it\/index.php?rest_route=%2Fwp%2Fv2%2Fcomments&post=6531"}],"version-history":[{"count":1,"href":"https:\/\/www.monzalecco.lombardia.cisl.it\/index.php?rest_route=\/wp\/v2\/posts\/6531\/revisions"}],"predecessor-version":[{"id":6534,"href":"https:\/\/www.monzalecco.lombardia.cisl.it\/index.php?rest_route=\/wp\/v2\/posts\/6531\/revisions\/6534"}],"wp:featuredmedia":[{"embeddable":true,"href":"https:\/\/www.monzalecco.lombardia.cisl.it\/index.php?rest_route=\/wp\/v2\/media\/6533"}],"wp:attachment":[{"href":"https:\/\/www.monzalecco.lombardia.cisl.it\/index.php?rest_route=%2Fwp%2Fv2%2Fmedia&parent=6531"}],"wp:term":[{"taxonomy":"category","embeddable":true,"href":"https:\/\/www.monzalecco.lombardia.cisl.it\/index.php?rest_route=%2Fwp%2Fv2%2Fcategories&post=6531"},{"taxonomy":"post_tag","embeddable":true,"href":"https:\/\/www.monzalecco.lombardia.cisl.it\/index.php?rest_route=%2Fwp%2Fv2%2Ftags&post=6531"}],"curies":[{"name":"wp","href":"https:\/\/api.w.org\/{rel}","templated":true}]}}