{"id":6552,"date":"2020-01-17T16:40:56","date_gmt":"2020-01-17T15:40:56","guid":{"rendered":"https:\/\/www.monzalecco.lombardia.cisl.it\/?p=6552"},"modified":"2020-01-17T16:40:56","modified_gmt":"2020-01-17T15:40:56","slug":"pozzoli-audizione-in-regione","status":"publish","type":"post","link":"https:\/\/www.monzalecco.lombardia.cisl.it\/?p=6552","title":{"rendered":"Pozzoli, audizione in Regione"},"content":{"rendered":"<p>La vertenza della Pozzoli Food arriva in Regione Lombardia. Gioved\u00ec 30 gennaio (ore 15,30), si terr\u00e0 un\u2019audizione di fronte alla IV Commissione Attivit\u00e0 produttive con i rappresentanti dei sindacati e della propriet\u00e0.<\/p>\n<p>La crisi si \u00e8 aperta il 31 dicembre 2019 quando la Pozzoli Food, societ\u00e0 leader nel campo della distribuzione organizzata, ha depositato la richiesta di concordato preventivo con riserva al Tribunale di Monza. Due giorni dopo, gioved\u00ec 2 gennaio, il collegio, composto dal presidente Caterina Giovanetti e dai giudici Alessandro Gnani e Luca Fuzio, ha fissato il termine di sessanta giorni per la presentazione della documentazione.<\/p>\n<p>L\u2019obiettivo, hanno dichiarato i vertici della societ\u00e0, \u00e8 \u00abla continuit\u00e0 aziendale e la salvaguardia dei posti di lavoro\u00bb. Il piano concordatario, quindi, mira a traghettare l\u2019azienda fuori da un periodo difficile, seguito ad anni costellati da grandi successi. Attualmente, l\u2019azienda ha 18 punti vendita che danno lavoro complessivamente 250 dipendenti (di cui 150 in Brianza e nel Lecchese).<\/p>\n<p>L\u2019audizione \u00e8 stata richiesta con urgenza dalle parti politiche, in particolare Pd e M5S, per conoscere la situazione. \u00abCi sembra importante capire quale sar\u00e0 il destino di questi lavoratori, se e quando verranno eventualmente attivati gli ammortizzatori sociali, che possibilit\u00e0 ci sono di essere ricollocati o assorbiti da altri marchi, appunto, e con quali garanzie. In sostanza, quale sar\u00e0 il futuro dei dipendenti e delle loro famiglie, di fronte all\u2019ennesima crisi di impresa che colpisce i nostri territori\u00bb, hanno commentato i consiglieri Pd Angelo Orsenigo,\u00a0 Gigi Ponti, Raffaele Straniero, Paola Bocci e Samuele Astuti.<\/p>\n","protected":false},"excerpt":{"rendered":"<p>La vertenza della Pozzoli Food arriva in Regione Lombardia. Gioved\u00ec 30 gennaio (ore 15,30), si terr\u00e0 un\u2019audizione di fronte alla IV Commissione Attivit\u00e0 produttive con i rappresentanti dei sindacati e della propriet\u00e0. La crisi si \u00e8 aperta il 31 dicembre 2019 quando la Pozzoli Food, societ\u00e0 leader nel campo della distribuzione organizzata, ha depositato la [&hellip;]<\/p>\n","protected":false},"author":5,"featured_media":6553,"comment_status":"closed","ping_status":"open","sticky":false,"template":"","format":"standard","meta":{"footnotes":""},"categories":[1],"tags":[101,502],"class_list":{"0":"post-6552","1":"post","2":"type-post","3":"status-publish","4":"format-standard","5":"has-post-thumbnail","7":"category-notizie","8":"tag-fisascat","9":"tag-pozzoli","10":"czr-hentry"},"_links":{"self":[{"href":"https:\/\/www.monzalecco.lombardia.cisl.it\/index.php?rest_route=\/wp\/v2\/posts\/6552","targetHints":{"allow":["GET"]}}],"collection":[{"href":"https:\/\/www.monzalecco.lombardia.cisl.it\/index.php?rest_route=\/wp\/v2\/posts"}],"about":[{"href":"https:\/\/www.monzalecco.lombardia.cisl.it\/index.php?rest_route=\/wp\/v2\/types\/post"}],"author":[{"embeddable":true,"href":"https:\/\/www.monzalecco.lombardia.cisl.it\/index.php?rest_route=\/wp\/v2\/users\/5"}],"replies":[{"embeddable":true,"href":"https:\/\/www.monzalecco.lombardia.cisl.it\/index.php?rest_route=%2Fwp%2Fv2%2Fcomments&post=6552"}],"version-history":[{"count":1,"href":"https:\/\/www.monzalecco.lombardia.cisl.it\/index.php?rest_route=\/wp\/v2\/posts\/6552\/revisions"}],"predecessor-version":[{"id":6554,"href":"https:\/\/www.monzalecco.lombardia.cisl.it\/index.php?rest_route=\/wp\/v2\/posts\/6552\/revisions\/6554"}],"wp:featuredmedia":[{"embeddable":true,"href":"https:\/\/www.monzalecco.lombardia.cisl.it\/index.php?rest_route=\/wp\/v2\/media\/6553"}],"wp:attachment":[{"href":"https:\/\/www.monzalecco.lombardia.cisl.it\/index.php?rest_route=%2Fwp%2Fv2%2Fmedia&parent=6552"}],"wp:term":[{"taxonomy":"category","embeddable":true,"href":"https:\/\/www.monzalecco.lombardia.cisl.it\/index.php?rest_route=%2Fwp%2Fv2%2Fcategories&post=6552"},{"taxonomy":"post_tag","embeddable":true,"href":"https:\/\/www.monzalecco.lombardia.cisl.it\/index.php?rest_route=%2Fwp%2Fv2%2Ftags&post=6552"}],"curies":[{"name":"wp","href":"https:\/\/api.w.org\/{rel}","templated":true}]}}