{"id":6609,"date":"2020-01-27T20:52:33","date_gmt":"2020-01-27T19:52:33","guid":{"rendered":"https:\/\/www.monzalecco.lombardia.cisl.it\/?p=6609"},"modified":"2020-01-27T20:52:33","modified_gmt":"2020-01-27T19:52:33","slug":"sanita-privata-trattative-interrotte","status":"publish","type":"post","link":"https:\/\/www.monzalecco.lombardia.cisl.it\/?p=6609","title":{"rendered":"Sanit\u00e0 privata, trattative interrotte"},"content":{"rendered":"<p>Si \u00e8 interrotta a trattativa per il rinnovo del contratto nazionale della sanita\u0300 privata. Lo svolta \u00e8 stata inaspettata ed \u00e8 legata alla \u00abbrutale retromarcia da parte dei nuovi componenti della delegazione Aiop &#8211; \u00e8 scritto in un comunicato unitario di Fp Cgil, Cisl Fp e UilFpl &#8211; che, in modo vergognoso e ricattatorio, hanno cercato di rimettere in discussione il lungo lavoro di oltre due anni, che aveva trovato mediazioni sui punti fondamentali e, soprattutto, sulla parte tabellare\u00bb.<\/p>\n<p>La sanit\u00e0 privata \u00e8 presente anche sul territori brianzolo e lecchese con strutture di eccellenza. Pensiamo alla Clinica Zucchi, la Rsa Sant&#8217;Andrea1 e Sant&#8217;Andrea2 a Monza, il Gb Mangioni Hospital a Lecco.<\/p>\n<p>Le organizzazioni sindacali hanno ritenuto \u00abinaccettabile\u00bb la richiesta di subordinare l\u2019applicazione del contratto a una clausola definita pregiudiziale, che prevede il raggiungimento dell\u2019accordo con ogni singola regione. Per questo motivo la trattativa \u00e8 stata interrotta.<\/p>\n<p>\u00abConsideriamo pertanto immediatamente riaperta la mobilitazione &#8211; continua il comunicato sindacale -. Contestualmente ci siamo gi\u00e0 attivati per richiedere un incontro urgente al ministro della Salute, che \u00e8 gi\u00e0 stato fissato per la giornata di domani marted\u00ec 28 gennaio\u00bb.<\/p>\n","protected":false},"excerpt":{"rendered":"<p>Si \u00e8 interrotta a trattativa per il rinnovo del contratto nazionale della sanita\u0300 privata. Lo svolta \u00e8 stata inaspettata ed \u00e8 legata alla \u00abbrutale retromarcia da parte dei nuovi componenti della delegazione Aiop &#8211; \u00e8 scritto in un comunicato unitario di Fp Cgil, Cisl Fp e UilFpl &#8211; che, in modo vergognoso e ricattatorio, hanno [&hellip;]<\/p>\n","protected":false},"author":5,"featured_media":5456,"comment_status":"closed","ping_status":"open","sticky":false,"template":"","format":"standard","meta":{"footnotes":""},"categories":[1],"tags":[207,232],"class_list":{"0":"post-6609","1":"post","2":"type-post","3":"status-publish","4":"format-standard","5":"has-post-thumbnail","7":"category-notizie","8":"tag-sanita","9":"tag-sanita-privata","10":"czr-hentry"},"_links":{"self":[{"href":"https:\/\/www.monzalecco.lombardia.cisl.it\/index.php?rest_route=\/wp\/v2\/posts\/6609","targetHints":{"allow":["GET"]}}],"collection":[{"href":"https:\/\/www.monzalecco.lombardia.cisl.it\/index.php?rest_route=\/wp\/v2\/posts"}],"about":[{"href":"https:\/\/www.monzalecco.lombardia.cisl.it\/index.php?rest_route=\/wp\/v2\/types\/post"}],"author":[{"embeddable":true,"href":"https:\/\/www.monzalecco.lombardia.cisl.it\/index.php?rest_route=\/wp\/v2\/users\/5"}],"replies":[{"embeddable":true,"href":"https:\/\/www.monzalecco.lombardia.cisl.it\/index.php?rest_route=%2Fwp%2Fv2%2Fcomments&post=6609"}],"version-history":[{"count":1,"href":"https:\/\/www.monzalecco.lombardia.cisl.it\/index.php?rest_route=\/wp\/v2\/posts\/6609\/revisions"}],"predecessor-version":[{"id":6610,"href":"https:\/\/www.monzalecco.lombardia.cisl.it\/index.php?rest_route=\/wp\/v2\/posts\/6609\/revisions\/6610"}],"wp:featuredmedia":[{"embeddable":true,"href":"https:\/\/www.monzalecco.lombardia.cisl.it\/index.php?rest_route=\/wp\/v2\/media\/5456"}],"wp:attachment":[{"href":"https:\/\/www.monzalecco.lombardia.cisl.it\/index.php?rest_route=%2Fwp%2Fv2%2Fmedia&parent=6609"}],"wp:term":[{"taxonomy":"category","embeddable":true,"href":"https:\/\/www.monzalecco.lombardia.cisl.it\/index.php?rest_route=%2Fwp%2Fv2%2Fcategories&post=6609"},{"taxonomy":"post_tag","embeddable":true,"href":"https:\/\/www.monzalecco.lombardia.cisl.it\/index.php?rest_route=%2Fwp%2Fv2%2Ftags&post=6609"}],"curies":[{"name":"wp","href":"https:\/\/api.w.org\/{rel}","templated":true}]}}