{"id":6619,"date":"2020-01-29T19:13:20","date_gmt":"2020-01-29T18:13:20","guid":{"rendered":"https:\/\/www.monzalecco.lombardia.cisl.it\/?p=6619"},"modified":"2020-01-29T19:16:03","modified_gmt":"2020-01-29T18:16:03","slug":"adidas-e-pozzoli-vertenze-aperte","status":"publish","type":"post","link":"https:\/\/www.monzalecco.lombardia.cisl.it\/?p=6619","title":{"rendered":"Adidas e Pozzoli, vertenze aperte"},"content":{"rendered":"<p>Alla Pozzoli Carnie all&#8217;Adidas sono a rischio numerosi posti di lavoro. Le due vertenze, che si sono aperte negli ultimi mesi del 2019, potrebbero portare a un drastico taglio dei rispettivi organici con grave sofferenza soprattutto per la Brianza e, in minor modo, per il Lecchese.<\/p>\n<h4><span style=\"color: #99cc00;\">Pozzoli Carni<\/span><\/h4>\n<p><a href=\"https:\/\/www.monzalecco.lombardia.cisl.it\/?p=6488\">La crisi della Pozzoli carni si \u00e8 aperta l&#8217;8 gennaio<\/a> quando la dirigenza ha annunciato al sindacato di aver depositato presso il Tribunale di Monza la domanda di concordato preventivo. La propriet\u00e0, tuttora in mano alla famiglia Pozzoli, aveva annunciato di voler vendere i 18 punti vendita del gruppo che danno lavoro a 200 dipendenti in Brianza e nel Lecchese. Nell&#8217;incontro che si \u00e8 tenuto in Provincia luned\u00ec scorso l&#8217;azienda ha per\u00f2 comunicato che inoltrer\u00e0 domanda di cassa integrazione straordinaria per i dipendenti. Sul piatto ci sono tre alternative: la cessione a un nuovo gruppo (la propriet\u00e0 ha detto che esistono manifestazioni di interesse, senza per\u00f2 specificare da parte di chi), il fallimento o la chiusura. \u00abAl momento la Pozzoli ha dichiarato che non \u00e8 in grado di affrontare i costi per rifornire tutti i negozi &#8211; commenta Francesco Barazzetta, Fisascat Cisl Mbl -. Quindi attualmente dei 18 punti vendita, solo sei sono attivi, quelli in cui \u00e8 stata convogliata tutta la merce restante dagli altri market. La cassa quindi offrir\u00e0 ai dipendenti una copertura per dodici mesi. \u00c8 una garanzia per i lavoratori in attesa che si capisca quale sar\u00e0 il destino del gruppo\u00bb.<\/p>\n<h4><span style=\"color: #99cc00;\">Adidas<\/span><\/h4>\n<p>Alla Adidas invece non siamo di fronte a una crisi, ma a una riorganizzazione aziendale. La societ\u00e0, una multinazionale dell&#8217;abbigliamento sportivo che \u00e8 in forte attivo, ha annunciato che delocalizzer\u00e0 i servizi di credito in Portogallo. La decisione \u00e8 stata duramente contestata dalle organizzazioni sindacali perch\u00e9 comporta il \u00abtaglio\u00bb di 41 persone a livello nazionale (delle quali una trentina nella sede monzese). \u00abCome sindacato &#8211; osserva Francesco Barazzetta -, stiamo lavorando una soluzione per ridurre un eventuale impatto occupazionale: riduzioni di orari, riqualificazione, ecc. Fermo restando che il nostro obiettivo principale \u00e8 convincere la societ\u00e0 tedesca a tornare sui suoi passi e a rinunciare alla delocalizzazione\u00bb. Il dialogo tra le parti non \u00e8 interrotto. Azienda e sindacato si ritroveranno nei prossimi giorni.<\/p>\n<h4><span style=\"color: #99cc00;\">Tavolo provinciale<\/span><\/h4>\n<p>Le organizzazioni sindacali per\u00f2 non stanno solo seguendo le crisi, ma stanno cercando di lavorare affinch\u00e9 le crisi aziendali vengano affrontate e risolte a livello territoriale e in modo coordinato. \u00abAbbiamo proposto &#8211; conclude Barazzetta &#8211; la creazione di un &#8220;tavolo provinciale&#8221;, al quale partecipino i rappresentanti delle parti sociali e delle istituzioni. Il suo compito sarebbe quello, di fronte a vertenze, di trovare tutti insieme soluzioni sfruttando le opportunit\u00e0 occupazionali e di mercato offerte sul territorio\u00bb. Le prime reazioni a questa proposta sono state positive. Nelle prossime settimane si vedr\u00e0 come questo tavolo potra prendere forma.<\/p>\n","protected":false},"excerpt":{"rendered":"<p>Alla Pozzoli Carnie all&#8217;Adidas sono a rischio numerosi posti di lavoro. Le due vertenze, che si sono aperte negli ultimi mesi del 2019, potrebbero portare a un drastico taglio dei rispettivi organici con grave sofferenza soprattutto per la Brianza e, in minor modo, per il Lecchese. Pozzoli Carni La crisi della Pozzoli carni si \u00e8 [&hellip;]<\/p>\n","protected":false},"author":5,"featured_media":6622,"comment_status":"closed","ping_status":"open","sticky":false,"template":"","format":"standard","meta":{"footnotes":""},"categories":[1],"tags":[503,101,502],"class_list":{"0":"post-6619","1":"post","2":"type-post","3":"status-publish","4":"format-standard","5":"has-post-thumbnail","7":"category-notizie","8":"tag-adidas","9":"tag-fisascat","10":"tag-pozzoli","11":"czr-hentry"},"_links":{"self":[{"href":"https:\/\/www.monzalecco.lombardia.cisl.it\/index.php?rest_route=\/wp\/v2\/posts\/6619","targetHints":{"allow":["GET"]}}],"collection":[{"href":"https:\/\/www.monzalecco.lombardia.cisl.it\/index.php?rest_route=\/wp\/v2\/posts"}],"about":[{"href":"https:\/\/www.monzalecco.lombardia.cisl.it\/index.php?rest_route=\/wp\/v2\/types\/post"}],"author":[{"embeddable":true,"href":"https:\/\/www.monzalecco.lombardia.cisl.it\/index.php?rest_route=\/wp\/v2\/users\/5"}],"replies":[{"embeddable":true,"href":"https:\/\/www.monzalecco.lombardia.cisl.it\/index.php?rest_route=%2Fwp%2Fv2%2Fcomments&post=6619"}],"version-history":[{"count":1,"href":"https:\/\/www.monzalecco.lombardia.cisl.it\/index.php?rest_route=\/wp\/v2\/posts\/6619\/revisions"}],"predecessor-version":[{"id":6621,"href":"https:\/\/www.monzalecco.lombardia.cisl.it\/index.php?rest_route=\/wp\/v2\/posts\/6619\/revisions\/6621"}],"wp:featuredmedia":[{"embeddable":true,"href":"https:\/\/www.monzalecco.lombardia.cisl.it\/index.php?rest_route=\/wp\/v2\/media\/6622"}],"wp:attachment":[{"href":"https:\/\/www.monzalecco.lombardia.cisl.it\/index.php?rest_route=%2Fwp%2Fv2%2Fmedia&parent=6619"}],"wp:term":[{"taxonomy":"category","embeddable":true,"href":"https:\/\/www.monzalecco.lombardia.cisl.it\/index.php?rest_route=%2Fwp%2Fv2%2Fcategories&post=6619"},{"taxonomy":"post_tag","embeddable":true,"href":"https:\/\/www.monzalecco.lombardia.cisl.it\/index.php?rest_route=%2Fwp%2Fv2%2Ftags&post=6619"}],"curies":[{"name":"wp","href":"https:\/\/api.w.org\/{rel}","templated":true}]}}