{"id":6702,"date":"2020-02-11T16:21:49","date_gmt":"2020-02-11T15:21:49","guid":{"rendered":"https:\/\/www.monzalecco.lombardia.cisl.it\/?p=6702"},"modified":"2020-02-11T16:21:49","modified_gmt":"2020-02-11T15:21:49","slug":"la-nostra-famiglia-e-stallo","status":"publish","type":"post","link":"https:\/\/www.monzalecco.lombardia.cisl.it\/?p=6702","title":{"rendered":"\u00abLa Nostra Famiglia\u00bb, \u00e8 stallo"},"content":{"rendered":"<p><strong>Fase di stallo nella vertenza de \u00abLa Nostra Famiglia\u00bb. Nell&#8217;incontro che si \u00e8 tenuto oggi, 11 febbraio, a Roma le organizzazioni sindacali hanno ribadito ai dirigenti dell&#8217;associazione che la decisione di modificare il contratto \u00e8 \u00abiniqua e ingiusta\u00bb e non \u00e8 fondata sul piano economico. Non solo, ma il sindacato chieder\u00e0 \u00abla piena applicazione di tutto quanto verr\u00e0 concordato nel nuovo contratto della Sanit\u00e0 privata\u00bb. Ci\u00f2 significherebbe \u00abnessun tipo di risparmio e, quindi, anche gli aspetti &#8220;economici&#8221; portati al tavolo di confronto non troverebbero corrispondenza\u00bb. I dirigenti si sono riservati di affrontare questi temi in sede di Consiglio di amministrazione. Per questo motivo le parti si incontreranno nuovamente il 19 febbraio. \u00abFino a quella data &#8211; osservano i sindacalisti -, fuori dalle strutture rimarranno bandiere e cartelli, in attesa di risposta alla nostra richiesta, manteniamo alta l\u2019attenzione\u00bb.<\/strong><\/p>\n<p><em><strong>Il testo della lettera scritta dalle organizzazioni sindacali ai lavoratori de \u00abLa Nostra Famiglia\u00bb.<\/strong><\/em><\/p>\n<p>Fp Cgil, Cisl Fp e Uil Fpl si sono incontrate, in sede nazionale, con i rappresentanti dell\u2019associazione \u00abLa Nostra Famiglia\u00bb per affrontare la modifica del contratto nazionale, unilateralmente comunicata dalla parte datoriale lo scorso 27 gennaio. Come organizzazioni sindacali abbiamo preliminarmente evidenziato che la scelta di voler procedere a una modifica di contratto, avvenuta alla vigilia di un rinnovo contrattuale atteso da oltre tredici anni, \u00e8 una decisione iniqua e ingiusta nei confronti delle lavoratrici e dei lavoratori.<\/p>\n<p>Abbiamo conseguentemente chiesto che \u00abLa Nostra Famiglia\u00bb revochi formalmente quanto deciso, cos\u00ec da consentire una discussione, nel merito delle difficolt\u00e0 rappresentate, libera da queste pregiudiziali. Nel merito del confronto, abbiamo evidenziato che non condividiamo l&#8217;insussistenza delle motivazioni di ordine economico avanzate dalla delegazione dell\u2019associazione, alla luce degli impegni di Governo e Conferenza Stato-Regioni sugli incrementi al sistema del privato convenzionato. Abbiamo per\u00f2 confermato che, laddove ci fossero problemi con le Regioni rispetto a questo punto, siamo disponibili ad avviare congiuntamente un confronto.<\/p>\n<p>Altro elemento che abbiamo rappresentato \u00e8 che, al di la della nostra richiesta di non modificare il contratto nazionale applicato, qualora l\u2019azienda dovesse procedere unilateralmente, non potremmo che chiedere la piena applicazione di tutto quanto verr\u00e0 concordato nel nuovo contratto della Sanit\u00e0 privata. Questo determinerebbe di fatto che non si avrebbe nessun tipo di risparmio e, quindi, anche gli aspetti \u00abeconomici\u00bb portati al tavolo di confronto non troverebbero corrispondenza.<\/p>\n<p>A fronte della nostra richiesta e delle argomentazioni portate, i rappresentati del \u00abLa Nostra Famiglia\u00bb hanno chiesto un aggiornamento del tavolo di confronto, al fine di poter portare la richiesta al Consiglio di amministrazione che si terr\u00e0 luned\u00ec 17 febbraio. Ci siamo conseguentemente aggiornati a mercoled\u00ec 19 febbraio alle ore 14, chiedendo contestualmente la consegna di diversa documentazione tra cui i bilanci degli ultimi cinque anni con relative relazioni di gestione nonch\u00e9 i sistemi tariffari in vigore nelle sei Regioni in cui opera \u00abLa Nostra Famiglia\u00bb. Sino a quella data, fermo restando l\u2019evidenza della vertenza, fuori dalle strutture rimarranno bandiere e cartelli, in attesa di risposta alla nostra richiesta, manteniamo alta l\u2019attenzione.<\/p>\n","protected":false},"excerpt":{"rendered":"<p>Fase di stallo nella vertenza de \u00abLa Nostra Famiglia\u00bb. Nell&#8217;incontro che si \u00e8 tenuto oggi, 11 febbraio, a Roma le organizzazioni sindacali hanno ribadito ai dirigenti dell&#8217;associazione che la decisione di modificare il contratto \u00e8 \u00abiniqua e ingiusta\u00bb e non \u00e8 fondata sul piano economico. Non solo, ma il sindacato chieder\u00e0 \u00abla piena applicazione di [&hellip;]<\/p>\n","protected":false},"author":5,"featured_media":6703,"comment_status":"closed","ping_status":"open","sticky":false,"template":"","format":"standard","meta":{"footnotes":""},"categories":[1],"tags":[390,506,504],"class_list":{"0":"post-6702","1":"post","2":"type-post","3":"status-publish","4":"format-standard","5":"has-post-thumbnail","7":"category-notizie","8":"tag-bosisio-parini","9":"tag-carate-brianza","10":"tag-la-nostra-famiglia","11":"czr-hentry"},"_links":{"self":[{"href":"https:\/\/www.monzalecco.lombardia.cisl.it\/index.php?rest_route=\/wp\/v2\/posts\/6702","targetHints":{"allow":["GET"]}}],"collection":[{"href":"https:\/\/www.monzalecco.lombardia.cisl.it\/index.php?rest_route=\/wp\/v2\/posts"}],"about":[{"href":"https:\/\/www.monzalecco.lombardia.cisl.it\/index.php?rest_route=\/wp\/v2\/types\/post"}],"author":[{"embeddable":true,"href":"https:\/\/www.monzalecco.lombardia.cisl.it\/index.php?rest_route=\/wp\/v2\/users\/5"}],"replies":[{"embeddable":true,"href":"https:\/\/www.monzalecco.lombardia.cisl.it\/index.php?rest_route=%2Fwp%2Fv2%2Fcomments&post=6702"}],"version-history":[{"count":1,"href":"https:\/\/www.monzalecco.lombardia.cisl.it\/index.php?rest_route=\/wp\/v2\/posts\/6702\/revisions"}],"predecessor-version":[{"id":6704,"href":"https:\/\/www.monzalecco.lombardia.cisl.it\/index.php?rest_route=\/wp\/v2\/posts\/6702\/revisions\/6704"}],"wp:featuredmedia":[{"embeddable":true,"href":"https:\/\/www.monzalecco.lombardia.cisl.it\/index.php?rest_route=\/wp\/v2\/media\/6703"}],"wp:attachment":[{"href":"https:\/\/www.monzalecco.lombardia.cisl.it\/index.php?rest_route=%2Fwp%2Fv2%2Fmedia&parent=6702"}],"wp:term":[{"taxonomy":"category","embeddable":true,"href":"https:\/\/www.monzalecco.lombardia.cisl.it\/index.php?rest_route=%2Fwp%2Fv2%2Fcategories&post=6702"},{"taxonomy":"post_tag","embeddable":true,"href":"https:\/\/www.monzalecco.lombardia.cisl.it\/index.php?rest_route=%2Fwp%2Fv2%2Ftags&post=6702"}],"curies":[{"name":"wp","href":"https:\/\/api.w.org\/{rel}","templated":true}]}}