{"id":6710,"date":"2020-02-12T16:50:08","date_gmt":"2020-02-12T15:50:08","guid":{"rendered":"https:\/\/www.monzalecco.lombardia.cisl.it\/?p=6710"},"modified":"2020-02-12T16:50:08","modified_gmt":"2020-02-12T15:50:08","slug":"si-apre-il-fronte-sacra-famiglia","status":"publish","type":"post","link":"https:\/\/www.monzalecco.lombardia.cisl.it\/?p=6710","title":{"rendered":"Si apre il fronte \u00abSacra Famiglia\u00bb"},"content":{"rendered":"<p>Dopo la vertenza de \u00abLa Nostra Famiglia\u00bb, nel comparto sanit\u00e0 privata si apre un nuovo fronte. Questa volta tocca ai lavoratori della Fondazione Sacra Famiglia di Perledo, ente religioso che si occupa della cura degli anziani, dei disabili gravi e, negli ultimi tempi, anche di ospitalit\u00e0 ai profughi.<\/p>\n<p>\u00abNel 2017 &#8211; spiega Franca Bodega, Cisl Fp Mbl &#8211; i lavoratori sono stati costretti per necessit\u00e0 a rinunciare a mille euro a testa per tre anni (una cifra pari a oltre 3 milioni di euro). Questi fondi servivano per colmare un buco di bilancio ed evitare la catastrofe. Nel settembre 2019, la Fondazione ha poi dichiarato l\u2019intenzione di applicare il contratto Uneba a partire dal 1\u00b0 gennaio 2020\u00bb.<\/p>\n<p>I dipendenti della struttura erano lavoratori pubblici che, nel 2000, sono passati al comparto della sanit\u00e0 privata e si sono visti applicare il contratto Aris sanit\u00e0 che non viene rinnovato da 13 anni. I lavoratori non solo non potranno quindi godere del rinnovo, ma si troveranno con un contratto che prevede 38 ore di lavoro invece delle 36 attuali (allo stesso stipendio) e diritti e retribuzioni tagliati.<\/p>\n<p>\u00ab\u00c8 vero \u2013 continua Franca Bodega &#8211; che la riabilitazione \u00e8 la cenerentola del servizio sanitario con rette non adeguate alle prestazioni erogate. Ci\u00f2 crea difficolt\u00e0 a chi opera nel settore. Detto questo, dobbiamo anche addossare molte delle colpe di queste situazioni all\u2019incapacit\u00e0 di gestione delle direzioni e degli enti abituate da troppo tempo ad affidarsi alla provvidenza. Ora \u00e8 troppo semplice usare i lavoratori come Bancomat. Senza tagliare sprechi e consulenze, senza riorganizzare il lavoro in modo efficiente queste misure non risolveranno i problemi. La vicenda dei sacrifici dell\u2019ultimo triennio per la Sacra Famiglia lo dimostrano: tre milioni di euro non sono serviti a nulla. Questi lavoratori, spesso non giovanissimi, si occupano con amore e dedizione dei nostri disabili e dei nostri anziani, ma le trattative con le organizzazioni sindacali, dopo un anno, non hanno trovato una soluzione\u00bb.<\/p>\n","protected":false},"excerpt":{"rendered":"<p>Dopo la vertenza de \u00abLa Nostra Famiglia\u00bb, nel comparto sanit\u00e0 privata si apre un nuovo fronte. Questa volta tocca ai lavoratori della Fondazione Sacra Famiglia di Perledo, ente religioso che si occupa della cura degli anziani, dei disabili gravi e, negli ultimi tempi, anche di ospitalit\u00e0 ai profughi. \u00abNel 2017 &#8211; spiega Franca Bodega, Cisl [&hellip;]<\/p>\n","protected":false},"author":5,"featured_media":6711,"comment_status":"closed","ping_status":"open","sticky":false,"template":"","format":"standard","meta":{"footnotes":""},"categories":[1],"tags":[71,508,507],"class_list":{"0":"post-6710","1":"post","2":"type-post","3":"status-publish","4":"format-standard","5":"has-post-thumbnail","7":"category-notizie","8":"tag-cisl-fp","9":"tag-perledo","10":"tag-sacra-famiglia","11":"czr-hentry"},"_links":{"self":[{"href":"https:\/\/www.monzalecco.lombardia.cisl.it\/index.php?rest_route=\/wp\/v2\/posts\/6710","targetHints":{"allow":["GET"]}}],"collection":[{"href":"https:\/\/www.monzalecco.lombardia.cisl.it\/index.php?rest_route=\/wp\/v2\/posts"}],"about":[{"href":"https:\/\/www.monzalecco.lombardia.cisl.it\/index.php?rest_route=\/wp\/v2\/types\/post"}],"author":[{"embeddable":true,"href":"https:\/\/www.monzalecco.lombardia.cisl.it\/index.php?rest_route=\/wp\/v2\/users\/5"}],"replies":[{"embeddable":true,"href":"https:\/\/www.monzalecco.lombardia.cisl.it\/index.php?rest_route=%2Fwp%2Fv2%2Fcomments&post=6710"}],"version-history":[{"count":1,"href":"https:\/\/www.monzalecco.lombardia.cisl.it\/index.php?rest_route=\/wp\/v2\/posts\/6710\/revisions"}],"predecessor-version":[{"id":6712,"href":"https:\/\/www.monzalecco.lombardia.cisl.it\/index.php?rest_route=\/wp\/v2\/posts\/6710\/revisions\/6712"}],"wp:featuredmedia":[{"embeddable":true,"href":"https:\/\/www.monzalecco.lombardia.cisl.it\/index.php?rest_route=\/wp\/v2\/media\/6711"}],"wp:attachment":[{"href":"https:\/\/www.monzalecco.lombardia.cisl.it\/index.php?rest_route=%2Fwp%2Fv2%2Fmedia&parent=6710"}],"wp:term":[{"taxonomy":"category","embeddable":true,"href":"https:\/\/www.monzalecco.lombardia.cisl.it\/index.php?rest_route=%2Fwp%2Fv2%2Fcategories&post=6710"},{"taxonomy":"post_tag","embeddable":true,"href":"https:\/\/www.monzalecco.lombardia.cisl.it\/index.php?rest_route=%2Fwp%2Fv2%2Ftags&post=6710"}],"curies":[{"name":"wp","href":"https:\/\/api.w.org\/{rel}","templated":true}]}}