{"id":6713,"date":"2020-02-12T17:31:56","date_gmt":"2020-02-12T16:31:56","guid":{"rendered":"https:\/\/www.monzalecco.lombardia.cisl.it\/?p=6713"},"modified":"2020-02-12T17:31:56","modified_gmt":"2020-02-12T16:31:56","slug":"max-mothes-si-attende-il-commissario","status":"publish","type":"post","link":"https:\/\/www.monzalecco.lombardia.cisl.it\/?p=6713","title":{"rendered":"Max Mothes, si attende il commissario"},"content":{"rendered":"<p>I lavoratori e le organizzazioni sindacali stanno aspettando la nomina del commissario straordinario che curer\u00e0 il concordato liquidatorio della Max Mothes di Brugherio.<\/p>\n<p>\u00abSiamo in una fase di attesa \u2013 osserva Sabrina Bartoli, Fim Cisl Mbl -. Appena sapremo il nome chiederemo un incontro urgente. Al momento abbiamo rimosso il presidio che avevamo organizzato la settimana scorsa davanti all\u2019azienda di via Aristotele\u00bb.<\/p>\n<p>Nei prossimi giorni, i rappresentanti della Fim Cisl organizzeranno incontri tra i lavoratori e gli operatori Cisl che si occupano di politiche sociali. \u00abVogliamo offrire un sostegno per cercare di dare un sostegno ai lavoratori che nei prossimi giorni avrebbero dovuto percepire lo stipendio e che non percepiranno. \u00abFamiglie \u2013 continua Sabrina Bartoli &#8211; che hanno mutui, figli da crescere e anche persone monoreddito. Persone schiacciate tra un\u2019azienda che non ha avuto nessun rispetto per loro, lavoratori che credevano nell\u2019azienda, che hanno anche accettato la riduzione dello stipendio per salvaguardare il lavoro e una legge fallimentare che non tutela le persone pi\u00f9 deboli, chi ha uno stipendio di poco pi\u00f9 di mille euro non pu\u00f2 attendere mesi senza reddito\u00bb.<\/p>\n<p>I 18 lavoratori messi in cassa integrazione ordinaria per tre mesi hanno presidiato i cancelli a turni. L\u2019azienda tedesca era subentrata un paio di anni fa alla storica ditta di bulloni Vsp con piani di rilancio.<\/p>\n","protected":false},"excerpt":{"rendered":"<p>I lavoratori e le organizzazioni sindacali stanno aspettando la nomina del commissario straordinario che curer\u00e0 il concordato liquidatorio della Max Mothes di Brugherio. \u00abSiamo in una fase di attesa \u2013 osserva Sabrina Bartoli, Fim Cisl Mbl -. Appena sapremo il nome chiederemo un incontro urgente. Al momento abbiamo rimosso il presidio che avevamo organizzato la [&hellip;]<\/p>\n","protected":false},"author":5,"featured_media":6714,"comment_status":"closed","ping_status":"open","sticky":false,"template":"","format":"standard","meta":{"footnotes":""},"categories":[1],"tags":[88,27,509],"class_list":{"0":"post-6713","1":"post","2":"type-post","3":"status-publish","4":"format-standard","5":"has-post-thumbnail","7":"category-notizie","8":"tag-brugherio","9":"tag-fim","10":"tag-mac-mothes","11":"czr-hentry"},"_links":{"self":[{"href":"https:\/\/www.monzalecco.lombardia.cisl.it\/index.php?rest_route=\/wp\/v2\/posts\/6713","targetHints":{"allow":["GET"]}}],"collection":[{"href":"https:\/\/www.monzalecco.lombardia.cisl.it\/index.php?rest_route=\/wp\/v2\/posts"}],"about":[{"href":"https:\/\/www.monzalecco.lombardia.cisl.it\/index.php?rest_route=\/wp\/v2\/types\/post"}],"author":[{"embeddable":true,"href":"https:\/\/www.monzalecco.lombardia.cisl.it\/index.php?rest_route=\/wp\/v2\/users\/5"}],"replies":[{"embeddable":true,"href":"https:\/\/www.monzalecco.lombardia.cisl.it\/index.php?rest_route=%2Fwp%2Fv2%2Fcomments&post=6713"}],"version-history":[{"count":1,"href":"https:\/\/www.monzalecco.lombardia.cisl.it\/index.php?rest_route=\/wp\/v2\/posts\/6713\/revisions"}],"predecessor-version":[{"id":6715,"href":"https:\/\/www.monzalecco.lombardia.cisl.it\/index.php?rest_route=\/wp\/v2\/posts\/6713\/revisions\/6715"}],"wp:featuredmedia":[{"embeddable":true,"href":"https:\/\/www.monzalecco.lombardia.cisl.it\/index.php?rest_route=\/wp\/v2\/media\/6714"}],"wp:attachment":[{"href":"https:\/\/www.monzalecco.lombardia.cisl.it\/index.php?rest_route=%2Fwp%2Fv2%2Fmedia&parent=6713"}],"wp:term":[{"taxonomy":"category","embeddable":true,"href":"https:\/\/www.monzalecco.lombardia.cisl.it\/index.php?rest_route=%2Fwp%2Fv2%2Fcategories&post=6713"},{"taxonomy":"post_tag","embeddable":true,"href":"https:\/\/www.monzalecco.lombardia.cisl.it\/index.php?rest_route=%2Fwp%2Fv2%2Ftags&post=6713"}],"curies":[{"name":"wp","href":"https:\/\/api.w.org\/{rel}","templated":true}]}}