{"id":6761,"date":"2020-02-19T16:28:57","date_gmt":"2020-02-19T15:28:57","guid":{"rendered":"https:\/\/www.monzalecco.lombardia.cisl.it\/?p=6761"},"modified":"2020-02-20T08:46:23","modified_gmt":"2020-02-20T07:46:23","slug":"la-nostra-famiglia-fa-marcia-indietro","status":"publish","type":"post","link":"https:\/\/www.monzalecco.lombardia.cisl.it\/?p=6761","title":{"rendered":"\u00abLa Nostra Famiglia\u00bb fa marcia indietro"},"content":{"rendered":"<p>\u00abLa Nostra Famiglia\u00bb ha sospeso la modifica del contratto nazionale. Ai lavoratori continuer\u00e0 a essere applicato il contratto Aris rsd Rsa. Lo hanno comunicato i dirigenti della struttura nell\u2019incontro che hanno avuto ieri, 18 febbraio, con le organizzazioni sindacali.<\/p>\n<p>\u00abQuesta sospensione &#8211; spiega Frnca Bodega, Cisl Fp Mbl &#8211; \u00e8 un passo avanti. \u201cLa Nostra Famiglia\u201d voleva applicare il nuovo contratto dal 1\u00b0 febbraio mentre ora ci siederemo a un tavolo a discutere e saranno fatte alcune valutazioni pi\u00f9 approfondite sulla realt\u00e0 aziendale e sui possibili contributi regionali\u00bb.<\/p>\n<p>La sospensione si applica ai lavoratori in forza alla struttura al 31 gennaio 2020, e quelli che verranno dopo? \u00abAbbiamo chiesto all\u2019azienda \u2013 continua Franca Bodega \u2013 come verranno trattati i dipendenti assunti dal 1\u00b0 febbraio. Ci \u00e8 stato risposto che, al momento, sar\u00e0 applicato il contratto Aris-Aiop e poi sar\u00e0 applicata la stessa soluzione individuata per il resto del personale al termine del confronto direzione-sindacato\u00bb.<\/p>\n<p>Altri incontri tra i dirigenti e i rappresentanti sindacali si terranno a marzo, ma le date non sono ancora state comunicate.<\/p>\n","protected":false},"excerpt":{"rendered":"<p>\u00abLa Nostra Famiglia\u00bb ha sospeso la modifica del contratto nazionale. Ai lavoratori continuer\u00e0 a essere applicato il contratto Aris rsd Rsa. Lo hanno comunicato i dirigenti della struttura nell\u2019incontro che hanno avuto ieri, 18 febbraio, con le organizzazioni sindacali. \u00abQuesta sospensione &#8211; spiega Frnca Bodega, Cisl Fp Mbl &#8211; \u00e8 un passo avanti. \u201cLa Nostra [&hellip;]<\/p>\n","protected":false},"author":5,"featured_media":6703,"comment_status":"closed","ping_status":"open","sticky":false,"template":"","format":"standard","meta":{"footnotes":""},"categories":[1],"tags":[390,71,504],"class_list":{"0":"post-6761","1":"post","2":"type-post","3":"status-publish","4":"format-standard","5":"has-post-thumbnail","7":"category-notizie","8":"tag-bosisio-parini","9":"tag-cisl-fp","10":"tag-la-nostra-famiglia","11":"czr-hentry"},"_links":{"self":[{"href":"https:\/\/www.monzalecco.lombardia.cisl.it\/index.php?rest_route=\/wp\/v2\/posts\/6761","targetHints":{"allow":["GET"]}}],"collection":[{"href":"https:\/\/www.monzalecco.lombardia.cisl.it\/index.php?rest_route=\/wp\/v2\/posts"}],"about":[{"href":"https:\/\/www.monzalecco.lombardia.cisl.it\/index.php?rest_route=\/wp\/v2\/types\/post"}],"author":[{"embeddable":true,"href":"https:\/\/www.monzalecco.lombardia.cisl.it\/index.php?rest_route=\/wp\/v2\/users\/5"}],"replies":[{"embeddable":true,"href":"https:\/\/www.monzalecco.lombardia.cisl.it\/index.php?rest_route=%2Fwp%2Fv2%2Fcomments&post=6761"}],"version-history":[{"count":2,"href":"https:\/\/www.monzalecco.lombardia.cisl.it\/index.php?rest_route=\/wp\/v2\/posts\/6761\/revisions"}],"predecessor-version":[{"id":6771,"href":"https:\/\/www.monzalecco.lombardia.cisl.it\/index.php?rest_route=\/wp\/v2\/posts\/6761\/revisions\/6771"}],"wp:featuredmedia":[{"embeddable":true,"href":"https:\/\/www.monzalecco.lombardia.cisl.it\/index.php?rest_route=\/wp\/v2\/media\/6703"}],"wp:attachment":[{"href":"https:\/\/www.monzalecco.lombardia.cisl.it\/index.php?rest_route=%2Fwp%2Fv2%2Fmedia&parent=6761"}],"wp:term":[{"taxonomy":"category","embeddable":true,"href":"https:\/\/www.monzalecco.lombardia.cisl.it\/index.php?rest_route=%2Fwp%2Fv2%2Fcategories&post=6761"},{"taxonomy":"post_tag","embeddable":true,"href":"https:\/\/www.monzalecco.lombardia.cisl.it\/index.php?rest_route=%2Fwp%2Fv2%2Ftags&post=6761"}],"curies":[{"name":"wp","href":"https:\/\/api.w.org\/{rel}","templated":true}]}}