{"id":6763,"date":"2020-02-19T17:32:24","date_gmt":"2020-02-19T16:32:24","guid":{"rendered":"https:\/\/www.monzalecco.lombardia.cisl.it\/?p=6763"},"modified":"2020-02-19T17:44:05","modified_gmt":"2020-02-19T16:44:05","slug":"in-piazza-per-patrick-zaky","status":"publish","type":"post","link":"https:\/\/www.monzalecco.lombardia.cisl.it\/?p=6763","title":{"rendered":"Monza, in piazza per Patrick Zaky"},"content":{"rendered":"<p>Le Sardine di Monza e della Brianza organizzano una manifestazione per chiedere la liberazione di Patrick Zaky, lo studente che studia a Bologna ed \u00e8 stato arrestato in Egitto perch\u00e9 ritenuto un oppositore del presidente Abd al-Fattah al-Sisi.<\/p>\n<p>Il 25 febbraio (ore 20,30) i simpatizzanti del movimento si incontreranno in piazza Roma a Monza (sotto l&#8217;Arengario) con luci di candele, accendini, torce, striscioni e cartelloni per chiedere la scarcerazione del ragazzo.<\/p>\n<p>\u00abChiederemo l\u2019immediato rilascio di Patrick \u2013 osservano le Sardine -, la garanzia che il governo egiziano non perseguiter\u00e0 n\u00e9 lui n\u00e9 la sua famiglia e che venga aperta un\u2019indagine trasparente, sotto supervisione internazionale, sulle circostanze del suo arresto e sulle torture subite\u00bb.<\/p>\n<p>La manifestazione non vuole essere connotata politicamente. Quindi non ci saranno simboli e bandiere di partito. La Cisl Mbl per\u00f2 sostiene questa battaglia e promuove l\u2019iniziativa.<\/p>\n","protected":false},"excerpt":{"rendered":"<p>Le Sardine di Monza e della Brianza organizzano una manifestazione per chiedere la liberazione di Patrick Zaky, lo studente che studia a Bologna ed \u00e8 stato arrestato in Egitto perch\u00e9 ritenuto un oppositore del presidente Abd al-Fattah al-Sisi. Il 25 febbraio (ore 20,30) i simpatizzanti del movimento si incontreranno in piazza Roma a Monza (sotto [&hellip;]<\/p>\n","protected":false},"author":5,"featured_media":6764,"comment_status":"closed","ping_status":"open","sticky":false,"template":"","format":"standard","meta":{"footnotes":""},"categories":[1],"tags":[514,515],"class_list":{"0":"post-6763","1":"post","2":"type-post","3":"status-publish","4":"format-standard","5":"has-post-thumbnail","7":"category-notizie","8":"tag-patrick-zaky","9":"tag-sardine","10":"czr-hentry"},"_links":{"self":[{"href":"https:\/\/www.monzalecco.lombardia.cisl.it\/index.php?rest_route=\/wp\/v2\/posts\/6763","targetHints":{"allow":["GET"]}}],"collection":[{"href":"https:\/\/www.monzalecco.lombardia.cisl.it\/index.php?rest_route=\/wp\/v2\/posts"}],"about":[{"href":"https:\/\/www.monzalecco.lombardia.cisl.it\/index.php?rest_route=\/wp\/v2\/types\/post"}],"author":[{"embeddable":true,"href":"https:\/\/www.monzalecco.lombardia.cisl.it\/index.php?rest_route=\/wp\/v2\/users\/5"}],"replies":[{"embeddable":true,"href":"https:\/\/www.monzalecco.lombardia.cisl.it\/index.php?rest_route=%2Fwp%2Fv2%2Fcomments&post=6763"}],"version-history":[{"count":4,"href":"https:\/\/www.monzalecco.lombardia.cisl.it\/index.php?rest_route=\/wp\/v2\/posts\/6763\/revisions"}],"predecessor-version":[{"id":6768,"href":"https:\/\/www.monzalecco.lombardia.cisl.it\/index.php?rest_route=\/wp\/v2\/posts\/6763\/revisions\/6768"}],"wp:featuredmedia":[{"embeddable":true,"href":"https:\/\/www.monzalecco.lombardia.cisl.it\/index.php?rest_route=\/wp\/v2\/media\/6764"}],"wp:attachment":[{"href":"https:\/\/www.monzalecco.lombardia.cisl.it\/index.php?rest_route=%2Fwp%2Fv2%2Fmedia&parent=6763"}],"wp:term":[{"taxonomy":"category","embeddable":true,"href":"https:\/\/www.monzalecco.lombardia.cisl.it\/index.php?rest_route=%2Fwp%2Fv2%2Fcategories&post=6763"},{"taxonomy":"post_tag","embeddable":true,"href":"https:\/\/www.monzalecco.lombardia.cisl.it\/index.php?rest_route=%2Fwp%2Fv2%2Ftags&post=6763"}],"curies":[{"name":"wp","href":"https:\/\/api.w.org\/{rel}","templated":true}]}}