{"id":6784,"date":"2020-02-21T17:08:38","date_gmt":"2020-02-21T16:08:38","guid":{"rendered":"https:\/\/www.monzalecco.lombardia.cisl.it\/?p=6784"},"modified":"2020-02-21T17:08:38","modified_gmt":"2020-02-21T16:08:38","slug":"lecco-ospedale-stop-sciopero","status":"publish","type":"post","link":"https:\/\/www.monzalecco.lombardia.cisl.it\/?p=6784","title":{"rendered":"Lecco, ospedale stop sciopero"},"content":{"rendered":"<p>Pulizie all&#8217;ospedale di Lecco: stop allo sciopero (proclamato per il 2 marzo) e al blocco degli straordinari (previsto dal 3 al 10 marzo), ma rimane lo stato di agitazione del settore. La decisione di sospendere le iniziative \u00e8 stata presa da Filcams Cgil, Fisascat Cisl e Uiltucs dopo l&#8217;incontro avuto con i dirigenti di Dussmann e Orso Blu, aziende che hanno tagliato l&#8217;orario di lavoro e hanno decurtato lo stipendio al momento dell&#8217;avvio della loro gestione dell&#8217;appalto.<\/p>\n<p class=\"p1\">Le due societ\u00e0, dopo un lungo incontro, hanno assicurato che procederanno con decorrenza dal 1\u00b0 marzo con un primo, lieve, aumento degli orari contrattuali. La misura di questo primo incremento si aggira, a seconda dei casi, tra il 10 e il 15% del monte-ore, cio\u00e8 la restituzione di poco pi\u00f9 di un terzo di quanto\u00a0tagliato.<\/p>\n<p class=\"p1\">\u00abDurante l&#8217;incontro &#8211; spiegano i responsabili sindacali &#8211; abbiamo ottenuto garanzie circa il fatto che questo incremento pu\u00f2 essere considerato una sorta di \u201cacconto\u201d poich\u00e9 confidiamo che ne seguir\u00e0 un altro, a seguito del perfezionamento formale del contratto tra le societ\u00e0 e Asst, e l&#8217;avvio di una nuova organizzazione del lavoro che dovrebbe essere pi\u00f9 puntuale rispetto ai servizi svolti e riconosciuti\u00bb.<\/p>\n<p class=\"p1\">Le organizzazioni sindacali hanno ritenuto che, seppur insufficiente rispetto al \u00abdovuto\u00bb, questo pu\u00f2 essere considerato un primo passo che almeno parzialmente d\u00e0 un segnale di possibile ripristino di condizioni contrattuali dignitose. Da qui la sospensione delle iniziative di protesta.<\/p>\n","protected":false},"excerpt":{"rendered":"<p>Pulizie all&#8217;ospedale di Lecco: stop allo sciopero (proclamato per il 2 marzo) e al blocco degli straordinari (previsto dal 3 al 10 marzo), ma rimane lo stato di agitazione del settore. La decisione di sospendere le iniziative \u00e8 stata presa da Filcams Cgil, Fisascat Cisl e Uiltucs dopo l&#8217;incontro avuto con i dirigenti di Dussmann [&hellip;]<\/p>\n","protected":false},"author":5,"featured_media":6785,"comment_status":"closed","ping_status":"open","sticky":false,"template":"","format":"standard","meta":{"footnotes":""},"categories":[1],"tags":[71,101,482,517],"class_list":{"0":"post-6784","1":"post","2":"type-post","3":"status-publish","4":"format-standard","5":"has-post-thumbnail","7":"category-notizie","8":"tag-cisl-fp","9":"tag-fisascat","10":"tag-ospedale","11":"tag-pulizie","12":"czr-hentry"},"_links":{"self":[{"href":"https:\/\/www.monzalecco.lombardia.cisl.it\/index.php?rest_route=\/wp\/v2\/posts\/6784","targetHints":{"allow":["GET"]}}],"collection":[{"href":"https:\/\/www.monzalecco.lombardia.cisl.it\/index.php?rest_route=\/wp\/v2\/posts"}],"about":[{"href":"https:\/\/www.monzalecco.lombardia.cisl.it\/index.php?rest_route=\/wp\/v2\/types\/post"}],"author":[{"embeddable":true,"href":"https:\/\/www.monzalecco.lombardia.cisl.it\/index.php?rest_route=\/wp\/v2\/users\/5"}],"replies":[{"embeddable":true,"href":"https:\/\/www.monzalecco.lombardia.cisl.it\/index.php?rest_route=%2Fwp%2Fv2%2Fcomments&post=6784"}],"version-history":[{"count":1,"href":"https:\/\/www.monzalecco.lombardia.cisl.it\/index.php?rest_route=\/wp\/v2\/posts\/6784\/revisions"}],"predecessor-version":[{"id":6786,"href":"https:\/\/www.monzalecco.lombardia.cisl.it\/index.php?rest_route=\/wp\/v2\/posts\/6784\/revisions\/6786"}],"wp:featuredmedia":[{"embeddable":true,"href":"https:\/\/www.monzalecco.lombardia.cisl.it\/index.php?rest_route=\/wp\/v2\/media\/6785"}],"wp:attachment":[{"href":"https:\/\/www.monzalecco.lombardia.cisl.it\/index.php?rest_route=%2Fwp%2Fv2%2Fmedia&parent=6784"}],"wp:term":[{"taxonomy":"category","embeddable":true,"href":"https:\/\/www.monzalecco.lombardia.cisl.it\/index.php?rest_route=%2Fwp%2Fv2%2Fcategories&post=6784"},{"taxonomy":"post_tag","embeddable":true,"href":"https:\/\/www.monzalecco.lombardia.cisl.it\/index.php?rest_route=%2Fwp%2Fv2%2Ftags&post=6784"}],"curies":[{"name":"wp","href":"https:\/\/api.w.org\/{rel}","templated":true}]}}