{"id":6971,"date":"2020-03-12T15:30:33","date_gmt":"2020-03-12T14:30:33","guid":{"rendered":"https:\/\/www.monzalecco.lombardia.cisl.it\/?p=6971"},"modified":"2020-03-12T15:37:25","modified_gmt":"2020-03-12T14:37:25","slug":"covid-19-prima-la-salute","status":"publish","type":"post","link":"https:\/\/www.monzalecco.lombardia.cisl.it\/?p=6971","title":{"rendered":"Cgil, Cisl, Uil: \u00abCovid-19: prima la salute\u00bb"},"content":{"rendered":"<p>L\u2019emergenza sanitaria dovuta al Covid-19 e le conseguenti disposizioni per lo svolgimento delle attivit\u00e0 produttive in condizioni di migliore sicurezza per la tutela della salute di tutte le persone nei luoghi di lavoro esigono azioni, comportamenti e presidi utili per contrastare il contagio.<\/p>\n<h3 style=\"text-align: center;\"><span style=\"color: #ff0000;\"><strong>L\u2019adozione di misure di prevenzione<br \/>\nsono un obbligo a carico del datore di lavoro<\/strong><\/span><\/h3>\n<p>Lo dice l\u2019art.1 del Dcpm 11 marzo 2020, lo dice il D. Lgs 81\/08: in tutte le attivit\u00e0 produttive e professionali vanno adottate misure che, secondo la particolarit\u00e0 del lavoro, l&#8217;esperienza e la tecnica, sono necessarie a tutelare la salute dei prestatori di lavoro.<\/p>\n<h3 style=\"text-align: center;\"><strong><span style=\"color: #ff0000;\">Il datore di lavoro deve:<\/span><\/strong><\/h3>\n<ul>\n<li><span style=\"color: #ff0000;\">Aggiornare<\/span> il Documento di Valutazione dei Rischi confrontandosi con i Rls e coinvolgendo il Responsabile del Servizio Prevenzione e Protezione in ordine alla predisposizione di misure anche urgenti e, eventualmente, il medico competente per quanto riguarda pareri di natura scientifica, adottando tutte le misure di informazione e di sicurezza necessarie per garantire l\u2019integrit\u00e0 fisica e morale dei suoi dipendenti in relazione al rischio biologico da Coronavirus.<\/li>\n<li><span style=\"color: #ff0000;\">Ricorrere<\/span> al massimo utilizzo del lavoro agile.<\/li>\n<li><span style=\"color: #ff0000;\">Incentivare<\/span> ferie, permessi e strumenti contrattazione collettiva.<\/li>\n<li><span style=\"color: #ff0000;\">Sospendere<\/span> le attivit\u00e0 nei reparti NON indispensabili alla produzione.<\/li>\n<li><span style=\"color: #ff0000;\">Attuare<\/span> protocolli sicurezza anti-contagio, con la valutazione preventiva del rischio da parte di Datore di Lavoro con Rspp, Medico Competente, e PREVIA consultazione del Rls.<\/li>\n<li><span style=\"color: #ff0000;\">Adottare<\/span> preventivamente misure tecnico-organizzative, con limitazione di spostamenti nei siti e di accesso a spazi comuni, anche tramite barriere fisiche o turnazioni, oltre alla fornitura di tutti i sistemi per la sanificazione di mani e superfici.<\/li>\n<li><span style=\"color: #ff0000;\">Attuare<\/span> protocolli anti contagio per la sicurezza e, ove non fosse possibile rispettare la distanza di un metro come principale misura di contenimento, adottare idonei strumenti di protezione individuale (mascherine certificate FFP2-FFP3, in rapporto anche alle specifiche lavorazioni, protezioni facciali, guanti monouso se previsti).<\/li>\n<li><span style=\"color: #ff0000;\">Sanificare<\/span> gli ambienti e le singole postazioni di lavoro, gli spogliatoi o le mense se ne \u00e8 consentita l\u2019apertura e la fruizione<\/li>\n<\/ul>\n<h3 style=\"text-align: center;\"><strong><span style=\"color: #ff0000;\">L\u2019informazione e la formazione preventiva per i lavoratori<br \/>\nsono misure generali di tutela a carico del datore di lavoro<\/span><\/strong><\/h3>\n<p>Ai lavoratori si devono fornire aggiornamenti costanti sulle comunicazioni ufficiali degli organi competenti, oltre che le informazioni e la formazione rispetto al nuovo rischio specifico.<\/p>\n<p>Ancora in queste ore si segnalano situazioni aziendali con lavoratori che si trovano ad operare e condividere spazi ravvicinati sia nei reparti che nelle mense o senza la dotazione di mascherine n\u00e9 alcun altro sostanziale provvedimento preso dalle Direzioni Aziendali.<\/p>\n<p>Datori di lavoro e lavoratori sono chiamati a farsi carico della corretta e completa applicazione delle indicazioni emanate dalle autorit\u00e0 pubbliche (Governo, Regioni, Prefetture, Comuni).<\/p>\n<p>In tutte le attivit\u00e0 produttive dove permangono situazioni di inosservanza delle disposizioni vanno attivate iniziative per garantire l\u2019attuazione di tutte le misure necessarie per la prevenzione dal rischio biologico.<\/p>\n<p>Come Organizzazioni Sindacali attraverso Rsu, Rsa ed Rls vigileremo per la rigida applicazione ed osservanza delle condizioni di salute e sicurezza o la richiesta di sospensione dell\u2019attivit\u00e0 lavorative laddove non ci fossero queste garanzie.<\/p>\n<h3 style=\"text-align: center;\"><strong><span style=\"color: #ff0000;\">La salute dei lavoratori e delle loro famiglie viene prima di ogni cosa<\/span><\/strong><\/h3>\n<p>&nbsp;<\/p>\n<h3 style=\"text-align: center;\"><span style=\"color: #99cc00;\">Prima la salute<\/span><\/h3>\n<h5 style=\"text-align: center;\"><span style=\"color: #99cc00;\">La posizione di Cgil, Cisl e Uil Lombardia<\/span><\/h5>\n<p>In questi giorni abbiamo sostenuto \u00abPrima la salute\u00bb e riteniamo che anche oggi, in presenza dell\u2019ultimo Dpcm, questa sia l\u2019assoluta priorit\u00e0.<\/p>\n<p>Aver scelto, come ha fatto il Governo, di far prevalere le ragioni economiche, seppur con alcune limitazioni del tutto insufficienti a fronteggiare l\u2019emergenza sanitaria, rispetto alla prioritaria tutela intransigente e certa della salute delle lavoratrici e dei lavoratori, lasciando di fatto al sistema delle imprese il giudizio finale su cosa e come produrre, sia un errore.<\/p>\n<p>Non di meno il sindacato deve agire sulla leva del \u201cfavorire gli accordi tra le parti sociali\u201d, prevista dal Dpcm; per questo da subito abbiamo chiesto che la Cabina di regia regionale sia il luogo utile a favorire gli accordi per una significativa riduzione delle attivit\u00e0 produttive nella nostra regione, tenuto conto sia dell\u2019emergenza sanitaria che delle attivit\u00e0 indispensabili e di pubblica utilit\u00e0, nonch\u00e9 della definizione concordata di quali siano le dotazioni strumentali e i presidii di massima sicurezza e le modalit\u00e0 organizzative che ogni impresa deve garantire a garanzia della salute dei lavoratori, in mancanza delle quali \u00e8 obbligata la sospensione dell\u2019attivit\u00e0.<\/p>\n<p>Cos\u00ec come \u00e8 indispensabile che le Rsu\/Rsa e le categorie territoriali, che sono al fianco di lavoratori e lavoratrici, attivino da subito in ogni azienda confronti ed iniziative per il rispetto rigido delle norme igienico-sanitarie e di protezione, anche finalizzate al rallentamento e alla sospensione delle attivit\u00e0 produttive che risultano con tutta evidenza non indispensabili in questa fase di emergenza.<\/p>\n<p>Continuare ad affermare che la tutela della vita e della salute degli operai, impiegati, lavoratori e lavoratrici di ogni settore \u00e8 la assoluta priorit\u00e0, che ci sono tante attivit\u00e0 non indispensabili in una situazione grave com\u2019\u00e8 quella attuale, che \u00e8 necessario un grande atto di responsabilit\u00e0 collettiva, sono i principi a cui ispirarsi per rilanciare un\u2019idea di Paese e di comunit\u00e0 civile.<\/p>\n<p><strong><em>Segreterie CGIL CISL UIL Lombardia<\/em><\/strong><\/p>\n","protected":false},"excerpt":{"rendered":"<p>L\u2019emergenza sanitaria dovuta al Covid-19 e le conseguenti disposizioni per lo svolgimento delle attivit\u00e0 produttive in condizioni di migliore sicurezza per la tutela della salute di tutte le persone nei luoghi di lavoro esigono azioni, comportamenti e presidi utili per contrastare il contagio. L\u2019adozione di misure di prevenzione sono un obbligo a carico del datore [&hellip;]<\/p>\n","protected":false},"author":5,"featured_media":6867,"comment_status":"closed","ping_status":"open","sticky":false,"template":"","format":"standard","meta":{"footnotes":""},"categories":[1],"tags":[149,518,527,100,150],"class_list":{"0":"post-6971","1":"post","2":"type-post","3":"status-publish","4":"format-standard","5":"has-post-thumbnail","7":"category-notizie","8":"tag-cgil","9":"tag-coronavirus","10":"tag-covid-19","11":"tag-lombardia","12":"tag-uil","13":"czr-hentry"},"_links":{"self":[{"href":"https:\/\/www.monzalecco.lombardia.cisl.it\/index.php?rest_route=\/wp\/v2\/posts\/6971","targetHints":{"allow":["GET"]}}],"collection":[{"href":"https:\/\/www.monzalecco.lombardia.cisl.it\/index.php?rest_route=\/wp\/v2\/posts"}],"about":[{"href":"https:\/\/www.monzalecco.lombardia.cisl.it\/index.php?rest_route=\/wp\/v2\/types\/post"}],"author":[{"embeddable":true,"href":"https:\/\/www.monzalecco.lombardia.cisl.it\/index.php?rest_route=\/wp\/v2\/users\/5"}],"replies":[{"embeddable":true,"href":"https:\/\/www.monzalecco.lombardia.cisl.it\/index.php?rest_route=%2Fwp%2Fv2%2Fcomments&post=6971"}],"version-history":[{"count":3,"href":"https:\/\/www.monzalecco.lombardia.cisl.it\/index.php?rest_route=\/wp\/v2\/posts\/6971\/revisions"}],"predecessor-version":[{"id":6974,"href":"https:\/\/www.monzalecco.lombardia.cisl.it\/index.php?rest_route=\/wp\/v2\/posts\/6971\/revisions\/6974"}],"wp:featuredmedia":[{"embeddable":true,"href":"https:\/\/www.monzalecco.lombardia.cisl.it\/index.php?rest_route=\/wp\/v2\/media\/6867"}],"wp:attachment":[{"href":"https:\/\/www.monzalecco.lombardia.cisl.it\/index.php?rest_route=%2Fwp%2Fv2%2Fmedia&parent=6971"}],"wp:term":[{"taxonomy":"category","embeddable":true,"href":"https:\/\/www.monzalecco.lombardia.cisl.it\/index.php?rest_route=%2Fwp%2Fv2%2Fcategories&post=6971"},{"taxonomy":"post_tag","embeddable":true,"href":"https:\/\/www.monzalecco.lombardia.cisl.it\/index.php?rest_route=%2Fwp%2Fv2%2Ftags&post=6971"}],"curies":[{"name":"wp","href":"https:\/\/api.w.org\/{rel}","templated":true}]}}