{"id":7031,"date":"2020-03-20T17:12:18","date_gmt":"2020-03-20T16:12:18","guid":{"rendered":"https:\/\/www.monzalecco.lombardia.cisl.it\/?p=7031"},"modified":"2020-03-20T17:13:48","modified_gmt":"2020-03-20T16:13:48","slug":"vacca-fim-in-campo-per-la-vita","status":"publish","type":"post","link":"https:\/\/www.monzalecco.lombardia.cisl.it\/?p=7031","title":{"rendered":"Vacca (Fim): \u00abIn fabbrica per la vita\u00bb"},"content":{"rendered":"<p>Il principio base \u00e8 che la salute debba essere tutelata a ogni costo. Quindi bisogna assicurare tutte le possibili forme di garanzia per i dipendenti. Se non si pu\u00f2 farlo, allora \u00e8 meglio fermare le produzioni. Su questa linea si sta muovendo in questi giorni la Fim Cisl Monza Brianza Lecco di fronte all\u2019epidemia di coronavirus.<\/p>\n<p>\u00abTra i lavoratori c\u2019\u00e8 paura \u2013 osserva Enrico Vacca, segretario Fim Cisl Mbl -. E non si pu\u00f2 certo biasimarli. Il Covid-19 pu\u00f2 essere solo una brutta influenza, ma pu\u00f2 anche portare con s\u00e9 gravi complicazioni che conducono alla morte. Non c\u2019\u00e8 quindi da scherzare. In questi giorni vediamo il timore negli occhi di chi \u00e8 costretto a lavorare. Noi siamo al loro fianco perch\u00e9 la vita \u00e8 una sola e va tutelata a ogni costo\u00bb.<\/p>\n<p>In assenza di un decreto del Governo che obblighi alla chiusura degli stabilimenti, molte aziende in Brianza e nel Lecchese continuano a produrre. \u00abTutti gli esperti dicono che bisogna evitare i luoghi di aggregazione \u2013 continua Vacca -. Uffici e fabbriche sono luoghi di aggregazione dove il virus pu\u00f2 diffondersi. Siamo quindi convinti che il fermo della produzione sarebbe la misura migliore da mettere in campo per i lavoratori e per la societ\u00e0 intera. Ma purtroppo questo fermo non \u00e8 stato ancora predisposto\u00bb.<\/p>\n<p>Non essendoci nessun provvedimento in tal senso, il sindacato non pu\u00f2 fare altro che pretendere che i datori di lavoro mettano in atto tutte le possibili misure per contenere il contagio: mascherine, rispetto delle distanze minime, sanificazione dei luoghi di produzione, ecc.<\/p>\n<p>\u00abStiamo lavorando intensamente per migliorare gli ambienti di lavoro &#8211; osserva Vacca -. Con alcune aziende siamo riusciti a contrattare un incremento dei sistemi di sicurezza a tutela dei lavoratori. Esistono per\u00f2 realt\u00e0 imprenditoriali che non dimostrano particolare sensibilit\u00e0. Nei confronti di esse abbiamo messo anche in atto iniziative di sciopero e siamo disposti ad arrivare alle opportune segnalazioni agli organi competenti qualora si rendesse inevitabile. Lo ripeto e lo ripeter\u00f2 sempre: con la salute non si pu\u00f2 giocare. E noi, come sindacato saremo sempre al fianco dei lavoratori per tutelare il loro sacrosanto diritto alla salute\u00bb.<\/p>\n","protected":false},"excerpt":{"rendered":"<p>Il principio base \u00e8 che la salute debba essere tutelata a ogni costo. Quindi bisogna assicurare tutte le possibili forme di garanzia per i dipendenti. Se non si pu\u00f2 farlo, allora \u00e8 meglio fermare le produzioni. Su questa linea si sta muovendo in questi giorni la Fim Cisl Monza Brianza Lecco di fronte all\u2019epidemia di [&hellip;]<\/p>\n","protected":false},"author":5,"featured_media":7033,"comment_status":"closed","ping_status":"open","sticky":false,"template":"","format":"standard","meta":{"footnotes":""},"categories":[1],"tags":[533,27],"class_list":{"0":"post-7031","1":"post","2":"type-post","3":"status-publish","4":"format-standard","5":"has-post-thumbnail","7":"category-notizie","8":"tag-enrico-vacca","9":"tag-fim","10":"czr-hentry"},"_links":{"self":[{"href":"https:\/\/www.monzalecco.lombardia.cisl.it\/index.php?rest_route=\/wp\/v2\/posts\/7031","targetHints":{"allow":["GET"]}}],"collection":[{"href":"https:\/\/www.monzalecco.lombardia.cisl.it\/index.php?rest_route=\/wp\/v2\/posts"}],"about":[{"href":"https:\/\/www.monzalecco.lombardia.cisl.it\/index.php?rest_route=\/wp\/v2\/types\/post"}],"author":[{"embeddable":true,"href":"https:\/\/www.monzalecco.lombardia.cisl.it\/index.php?rest_route=\/wp\/v2\/users\/5"}],"replies":[{"embeddable":true,"href":"https:\/\/www.monzalecco.lombardia.cisl.it\/index.php?rest_route=%2Fwp%2Fv2%2Fcomments&post=7031"}],"version-history":[{"count":2,"href":"https:\/\/www.monzalecco.lombardia.cisl.it\/index.php?rest_route=\/wp\/v2\/posts\/7031\/revisions"}],"predecessor-version":[{"id":7034,"href":"https:\/\/www.monzalecco.lombardia.cisl.it\/index.php?rest_route=\/wp\/v2\/posts\/7031\/revisions\/7034"}],"wp:featuredmedia":[{"embeddable":true,"href":"https:\/\/www.monzalecco.lombardia.cisl.it\/index.php?rest_route=\/wp\/v2\/media\/7033"}],"wp:attachment":[{"href":"https:\/\/www.monzalecco.lombardia.cisl.it\/index.php?rest_route=%2Fwp%2Fv2%2Fmedia&parent=7031"}],"wp:term":[{"taxonomy":"category","embeddable":true,"href":"https:\/\/www.monzalecco.lombardia.cisl.it\/index.php?rest_route=%2Fwp%2Fv2%2Fcategories&post=7031"},{"taxonomy":"post_tag","embeddable":true,"href":"https:\/\/www.monzalecco.lombardia.cisl.it\/index.php?rest_route=%2Fwp%2Fv2%2Ftags&post=7031"}],"curies":[{"name":"wp","href":"https:\/\/api.w.org\/{rel}","templated":true}]}}