{"id":7110,"date":"2020-03-25T16:51:02","date_gmt":"2020-03-25T15:51:02","guid":{"rendered":"https:\/\/www.monzalecco.lombardia.cisl.it\/?p=7110"},"modified":"2020-03-25T18:55:32","modified_gmt":"2020-03-25T17:55:32","slug":"coronavirus-intesa-governo-sindacati","status":"publish","type":"post","link":"https:\/\/www.monzalecco.lombardia.cisl.it\/?p=7110","title":{"rendered":"Coronavirus, intesa governo-sindacati"},"content":{"rendered":"<p>Cgil, Cisl e Uil hanno concluso questa mattina uno stringente confronto con il Governo. \u00c8 stato fatto un grande lavoro comune, ottenendo un ottimo risultato nella direzione di tutelare la salute di tutti i lavoratori e di tutti i cittadini. Abbiamo rivisitato l\u2019elenco delle attivit\u00e0 produttive indispensabili, in modo da garantire la sicurezza dei lavoratori e delle lavoratrici.<\/p>\n<p>\u00c8 stato tolto dall\u2019elenco tutto ci\u00f2 che non era essenziale, visto il momento difficile che stiamo vivendo. In tutte queste attivit\u00e0 chi lavora dovr\u00e0 essere dotato degli indispensabili dispositivi di protezione individuali e, in tutti i luoghi di lavoro, dovr\u00e0 essere rigorosamente adottato il Protocollo sulla sicurezza raggiunto nei giorni scorsi a Palazzo Chigi. I prefetti dovranno coinvolgere le organizzazioni territoriali per la autocertificazione delle attivit\u00e0 delle imprese che svolgono attivit\u00e0 funzionali ad assicurare la continuit\u00e0 delle filiere essenziali.<\/p>\n<p>Il ministro delle Difesa si \u00e8 impegnato a diminuire la produzione nel settore militare, salvaguardando solo le attivit\u00e0 indispensabili. Il ministro Patuanelli si \u00e8, inoltre, impegnato a incontrare specifici settori in cui sono emerse particolari difficolt\u00e0 nell\u2019attuazione del protocollo. Il governo si \u00e8 inoltre impegnato a monitorare congiuntamente con il sindacato l\u2019applicazione sia di quanto \u00e8 stato concordato questa mattina, sia del Protocollo sulla sicurezza. I sindacati di categoria e territoriali e le Rsu vigileranno per la loro puntuale applicazione.<\/p>\n<p>Cgil, Cisl e Uil sono vicine a tutti coloro che con grande senso di responsabilit\u00e0, mettendo anche a repentaglio la propria salute e la propria vita, stanno garantendo a tutta la comunit\u00e0 il mantenimento, in una situazione inedita e di emergenza, delle condizioni, per quanto possibile, normali di vita. A loro e a tutti coloro che lavorano vanno i nostri ringraziamenti e assicuriamo il nostro impegno per garantire il pi\u00f9 possibile la salute e la sicurezza sul lavoro e nella vita quotidiana, anche nella prospettiva di ripresa e di ricostruzione che ci aspetta una volta sconfitto il Covid-19<\/p>\n","protected":false},"excerpt":{"rendered":"<p>Cgil, Cisl e Uil hanno concluso questa mattina uno stringente confronto con il Governo. \u00c8 stato fatto un grande lavoro comune, ottenendo un ottimo risultato nella direzione di tutelare la salute di tutti i lavoratori e di tutti i cittadini. Abbiamo rivisitato l\u2019elenco delle attivit\u00e0 produttive indispensabili, in modo da garantire la sicurezza dei lavoratori [&hellip;]<\/p>\n","protected":false},"author":5,"featured_media":7042,"comment_status":"closed","ping_status":"open","sticky":false,"template":"","format":"standard","meta":{"footnotes":""},"categories":[1],"tags":[518,527],"class_list":{"0":"post-7110","1":"post","2":"type-post","3":"status-publish","4":"format-standard","5":"has-post-thumbnail","7":"category-notizie","8":"tag-coronavirus","9":"tag-covid-19","10":"czr-hentry"},"_links":{"self":[{"href":"https:\/\/www.monzalecco.lombardia.cisl.it\/index.php?rest_route=\/wp\/v2\/posts\/7110","targetHints":{"allow":["GET"]}}],"collection":[{"href":"https:\/\/www.monzalecco.lombardia.cisl.it\/index.php?rest_route=\/wp\/v2\/posts"}],"about":[{"href":"https:\/\/www.monzalecco.lombardia.cisl.it\/index.php?rest_route=\/wp\/v2\/types\/post"}],"author":[{"embeddable":true,"href":"https:\/\/www.monzalecco.lombardia.cisl.it\/index.php?rest_route=\/wp\/v2\/users\/5"}],"replies":[{"embeddable":true,"href":"https:\/\/www.monzalecco.lombardia.cisl.it\/index.php?rest_route=%2Fwp%2Fv2%2Fcomments&post=7110"}],"version-history":[{"count":1,"href":"https:\/\/www.monzalecco.lombardia.cisl.it\/index.php?rest_route=\/wp\/v2\/posts\/7110\/revisions"}],"predecessor-version":[{"id":7111,"href":"https:\/\/www.monzalecco.lombardia.cisl.it\/index.php?rest_route=\/wp\/v2\/posts\/7110\/revisions\/7111"}],"wp:featuredmedia":[{"embeddable":true,"href":"https:\/\/www.monzalecco.lombardia.cisl.it\/index.php?rest_route=\/wp\/v2\/media\/7042"}],"wp:attachment":[{"href":"https:\/\/www.monzalecco.lombardia.cisl.it\/index.php?rest_route=%2Fwp%2Fv2%2Fmedia&parent=7110"}],"wp:term":[{"taxonomy":"category","embeddable":true,"href":"https:\/\/www.monzalecco.lombardia.cisl.it\/index.php?rest_route=%2Fwp%2Fv2%2Fcategories&post=7110"},{"taxonomy":"post_tag","embeddable":true,"href":"https:\/\/www.monzalecco.lombardia.cisl.it\/index.php?rest_route=%2Fwp%2Fv2%2Ftags&post=7110"}],"curies":[{"name":"wp","href":"https:\/\/api.w.org\/{rel}","templated":true}]}}