{"id":7169,"date":"2020-04-07T08:45:28","date_gmt":"2020-04-07T06:45:28","guid":{"rendered":"https:\/\/www.monzalecco.lombardia.cisl.it\/?p=7169"},"modified":"2020-04-07T08:45:28","modified_gmt":"2020-04-07T06:45:28","slug":"furlan-prepariamoci-per-la-ripresa","status":"publish","type":"post","link":"https:\/\/www.monzalecco.lombardia.cisl.it\/?p=7169","title":{"rendered":"Furlan: \u00abPrepariamoci per la ripresa\u00bb"},"content":{"rendered":"<p>Sostenere la liquidit\u00e0 delle imprese ed il reddito dei lavoratori: \u00e8 questa la strada da seguire secondo la leader della Cisl, Annamaria Furlan, per cercare di arginare il pi\u00f9 possibile l\u2019emergenza sociale ed economica legata al coronavirus che rischia di abbattersi sul nostro Paese.<\/p>\n<p>\u00abAdesso &#8211; ha detto Furlan a Unomattina su Rai Uno &#8211; dobbiamo lavorare perch\u00e9 quando sar\u00e0 il momento della ripresa non ci sia nessuna impresa che non riapre pi\u00f9. Quindi il sostegno economico alle nostre imprese, a partire dalle piccole e medie, dagli artigiani e la tutela della salute dei lavoratori sono assolutamente fondamentali\u00bb.<br \/>\nGuarda il filmato integrale<\/p>\n<p><iframe loading=\"lazy\" title=\"Annamaria Furlan ospite della trasmissione Uno Mattina  su RaiUno\" width=\"1140\" height=\"641\" src=\"https:\/\/www.youtube.com\/embed\/k2_zTl16WOM?feature=oembed\" frameborder=\"0\" allow=\"accelerometer; autoplay; encrypted-media; gyroscope; picture-in-picture\" allowfullscreen><\/iframe><\/p>\n<p>&nbsp;<\/p>\n","protected":false},"excerpt":{"rendered":"<p>Sostenere la liquidit\u00e0 delle imprese ed il reddito dei lavoratori: \u00e8 questa la strada da seguire secondo la leader della Cisl, Annamaria Furlan, per cercare di arginare il pi\u00f9 possibile l\u2019emergenza sociale ed economica legata al coronavirus che rischia di abbattersi sul nostro Paese. \u00abAdesso &#8211; ha detto Furlan a Unomattina su Rai Uno &#8211; [&hellip;]<\/p>\n","protected":false},"author":5,"featured_media":1567,"comment_status":"closed","ping_status":"open","sticky":false,"template":"","format":"standard","meta":{"footnotes":""},"categories":[1],"tags":[177,518,527],"class_list":{"0":"post-7169","1":"post","2":"type-post","3":"status-publish","4":"format-standard","5":"has-post-thumbnail","7":"category-notizie","8":"tag-annamaria-furlan","9":"tag-coronavirus","10":"tag-covid-19","11":"czr-hentry"},"_links":{"self":[{"href":"https:\/\/www.monzalecco.lombardia.cisl.it\/index.php?rest_route=\/wp\/v2\/posts\/7169","targetHints":{"allow":["GET"]}}],"collection":[{"href":"https:\/\/www.monzalecco.lombardia.cisl.it\/index.php?rest_route=\/wp\/v2\/posts"}],"about":[{"href":"https:\/\/www.monzalecco.lombardia.cisl.it\/index.php?rest_route=\/wp\/v2\/types\/post"}],"author":[{"embeddable":true,"href":"https:\/\/www.monzalecco.lombardia.cisl.it\/index.php?rest_route=\/wp\/v2\/users\/5"}],"replies":[{"embeddable":true,"href":"https:\/\/www.monzalecco.lombardia.cisl.it\/index.php?rest_route=%2Fwp%2Fv2%2Fcomments&post=7169"}],"version-history":[{"count":1,"href":"https:\/\/www.monzalecco.lombardia.cisl.it\/index.php?rest_route=\/wp\/v2\/posts\/7169\/revisions"}],"predecessor-version":[{"id":7171,"href":"https:\/\/www.monzalecco.lombardia.cisl.it\/index.php?rest_route=\/wp\/v2\/posts\/7169\/revisions\/7171"}],"wp:featuredmedia":[{"embeddable":true,"href":"https:\/\/www.monzalecco.lombardia.cisl.it\/index.php?rest_route=\/wp\/v2\/media\/1567"}],"wp:attachment":[{"href":"https:\/\/www.monzalecco.lombardia.cisl.it\/index.php?rest_route=%2Fwp%2Fv2%2Fmedia&parent=7169"}],"wp:term":[{"taxonomy":"category","embeddable":true,"href":"https:\/\/www.monzalecco.lombardia.cisl.it\/index.php?rest_route=%2Fwp%2Fv2%2Fcategories&post=7169"},{"taxonomy":"post_tag","embeddable":true,"href":"https:\/\/www.monzalecco.lombardia.cisl.it\/index.php?rest_route=%2Fwp%2Fv2%2Ftags&post=7169"}],"curies":[{"name":"wp","href":"https:\/\/api.w.org\/{rel}","templated":true}]}}