{"id":7265,"date":"2020-04-10T16:00:17","date_gmt":"2020-04-10T14:00:17","guid":{"rendered":"https:\/\/www.monzalecco.lombardia.cisl.it\/?p=7265"},"modified":"2020-04-10T16:05:06","modified_gmt":"2020-04-10T14:05:06","slug":"asst-lecco-troppi-contagi","status":"publish","type":"post","link":"https:\/\/www.monzalecco.lombardia.cisl.it\/?p=7265","title":{"rendered":"\u00abAsst Lecco, troppi contagi\u00bb"},"content":{"rendered":"<p><strong>All&#8217;Asst di Lecco \u00e8 allarme: 370 dipendenti sono risultati positivi al coronavirus. Sindacati e Rsu hanno indetto una protesta per il 24 aprile.\u00a0 Lo hanno annunciato i rappresentati di Cgil Lecco, Cisl Monza Brianza Lecco, Uil del Lario e Rsu con una\u00a0 \u00a0lettera che \u00e8 stata inviata sia ai dirigenti della Asst di Lecco che al presidente della Regione Lombardia Attilio Fontana.<\/strong><\/p>\n<p>Gentilissimi,<br \/>\nsiamo consapevoli dell\u2019immenso sforzo richiesto a tutte le strutture sanitarie e sociosanitarie in questo momento critico per la gestione dell\u2019emergenza Covid-19 ma sentire da voi che tutto va bene ci preoccupa. Ci preoccupa e ci indigna dato che sappiamo delle innumerevoli segnalazioni che vi sono pervenute a denunciare la carenza di presidi a tutela della salute degli operatori sanitari tutti o a segnalare che quelli in dotazione non erano idonei o insufficienti o peggio riutilizzati quando la certificazione di legge li prescrive come monouso e con tempi di utilizzo ben definiti. Ci indigna leggere che tutto va bene quando i numeri dei contagi tra gli operatori sanitari, oss, infermieri, tecnici, medici e personale di tutte le categorie che opera nelle vostre strutture sono in percentuali doppie rispetto alla tragedia che mediamente ha colpito il Paese.<\/p>\n<p>Ci rammarichiamo per l\u2019inerzia organizzativa e il continuo utilizzo di disposizioni verbali a fronte di scelte organizzative ed operative rilevanti anche dopo che la fase iniziale della crisi poteva e doveva essere gestita e non lasciata all\u2019improvvisazione e alla buona volont\u00e0 del personale fidando nella loro buona fede ed abnegazione e per questo non \u00e8 accettabile che Lei, Direttore, ritenga che non siete responsabili per le eventuali inadempienze organizzative ed operative e per l\u2019uso non corretto di presidi ed istruzioni che puntualmente avete messo a disposizione. Le responsabilit\u00e0 sono solo vostre e non dei lavoratori.<\/p>\n<p>Non abbiamo parole e solo il silenzio ci permette di rimanere civili nei toni quando sentiamo che tutto \u00e8 sotto controllo e va bene, quando dei lavoratori decidono di mettere fine alle loro paure con un gesto estremo: il licenziamento senza preavviso.<br \/>\nForse non prevedibile ma sicuramente non pu\u00f2 essere rubricato come normale in un sistema in cui tutto va bene.<\/p>\n<p>La nostra preoccupazione, indignazione rammarico e dolore, purtroppo, trova conferma in quello che i lavoratori lamentano giornalmente.<\/p>\n<p>Per tornare a citare i DPI ci viene riportato che sono insufficienti, a permettere ai dipendenti di effettuare almeno una pausa durante il faticoso turno di lavoro.<br \/>\nAl personale amministrativo viene indicato dai propri responsabili di non utilizzare la mascherina se si opera in struttura vetrata e, se si tratta di personale part-time, la mascherina va utilizzata pi\u00f9 volte fino al raggiungimento delle ore di un turno a tempo pieno.<\/p>\n<p>Le ultime indicazioni del 28 marzo dell\u2019ISS affermano che se c\u2019\u00e8 il vetro non serve la mascherina eppure non si pu\u00f2 nemmeno accedere al supermercato senza mascherina.<\/p>\n<p>A fronte della clausura imposta a tutto il paese, ancora ci si nasconde dietro a prescrizioni anacronistiche per risparmiare qualche euro, foss\u2019anche solo, per mitigare la legittima e condivisibile paura dei lavoratori che comunque operano in un ambiente ad alto rischio di contagio.<\/p>\n<p>Va tutto bene ma i percorsi pulito\/contaminato sono ancora confusi e non definiti da idonea cartellonistica che ne permetta un\u2019immediata identificazione e tantomeno da un piano aziendale formale ben definito e portato a conoscenza di tutti gli operatori.<\/p>\n<p>I dipendenti dell\u2019Asst vogliono continuare a dare un\u2019assistenza qualificata ma sono comprensibilmente preoccupati e hanno bisogno di sapere che le loro preoccupazioni, paure e difficolt\u00e0 non siano considerati quale ordinari e vezzosi ma valutati per l\u2019effettiva gravit\u00e0 che hanno.<\/p>\n<p>Hanno bisogno di sapere che, con la scusa degli eroi, non sono considerati sacrificabili a scelte discutibili che anche nei fatti si sono dimostrate poco efficaci.<\/p>\n<p>Hanno bisogno di sapere che i loro sintomi non siano considerati meno degni di attenzione di quelli, per esempio, di politici o di altre personalit\u00e0.<\/p>\n<p>Hanno diritto, anche loro, a curarsi prima che sia troppo tardi e a salvaguardare i loro cari quando tornano a casa.<\/p>\n<p>Certo non \u00e8 questo che si percepisce quando ancora oggi l\u2019obbligo di rilevazione della temperatura corporea viene demandato a lavoratori ai quali non viene spiegata l\u2019importanza del compito e che spesso viene rilevata con strumenti imprecisi o magari guasti.<\/p>\n<p>Sia chiaro che, anche in questo caso, la responsabilit\u00e0 non \u00e8 dei lavoratori a cui viene chiesto di rilevare la temperatura e nemmeno dei lavoratori che si recano al lavoro, \u00e8 vostra, solo vostra.<\/p>\n<p>Chiediamo e pretendiamo che gli Rls siano coinvolti nella valutazione di tutte le questioni attinenti la sicurezza dei lavoratori.<br \/>\nCome organizzazioni sindacali in totale accordo con la Rsu abbiamo cercato e cerchiamo di supportare i lavoratori per quello che \u00e8 nelle nostre competenze e possibilit\u00e0, abbiamo accettato seppure con sofferenza di non intralciare la vostra azione nella fase emergenziale.<\/p>\n<p>Purtroppo, con la scusa dell\u2019emergenza che a distanza di quasi un mese non pu\u00f2 pi\u00f9 essere considerata tale, avete continuato a gestire il personale con scelte organizzative che potevano essere accettate nella fase iniziale della crisi.<\/p>\n<p>Oggi queste scelte risultano alquanto discutibili laddove non coinvolgono nemmeno con la sola informativa le organizzazioni sindacali, la Rsu e gli Rls.<\/p>\n<p>Della gestione interna e conseguente spostamento di personale da una funzione all\u2019altra, da un posto all\u2019altro va tenuta traccia con appositi e doverosi o.d.s. che puntualmente definiscano chi e cosa fa.<\/p>\n<p>L\u2019emergenza non \u00e8 pi\u00f9 una scusa plausibile e tantomeno accettabile.<br \/>\nLe organizzazioni sindacali, la Rsu e gli Rls vanno coinvolti nel rispetto delle loro prerogative; in caso contrario ci vedremo costretti a adire tutte le vie necessarie al riconoscimento del nostro ruolo di tutela dei diritti e della sicurezza dei lavoratori.<\/p>\n<p>In accordo con la Rsu proclameremo una iniziativa di protesta il 24 aprile per ricordare alle autorit\u00e0 e alla cittadinanza il diritto alla salute e che non siamo eroi ma persone e lavoratori che hanno il diritto alla salute.<\/p>\n<p>Chiediamo inoltre l\u2019applicazione dei tamponi per tutti i dipendenti o altre modalit\u00e0 diagnostiche, in corso di validazione, al fine di fermare il contagio tra i lavoratori un incremento dell\u2019attivit\u00e0 diagnostica relativa ai tamponi.<\/p>\n<p>Chiediamo la sanificazione degli ambienti e l\u2019istituzione per tutte le persone dipendenti e utenti di percorsi no covid \u2013 covid.<\/p>\n<p>Esprimiamo la nostra contrariet\u00e0 alla istituzione dell\u2019area a pagamento visto l\u2019assenza di circa 370 dipendenti infetti pi\u00f9 le assenze x malattia e dimissioni di colleghi e l\u2019evidente carenza di reperimento del personale sanitario per non gravare i dipendenti rimasti ulteriormente visto lo sforzo immane al quale sono gi\u00e0 sottoposti da 2 mesi.<\/p>\n<p>Non ritenendo esaustive le informazioni pervenute si rinnova la richiesta di periodiche convocazioni in videoconferenza del tavolo di confronto con le organizzazioni sindacali e la Rsu.<\/p>\n<p>Nella speranza che tutto si risolva nel pi\u00f9 breve tempo possibile, porgiamo cordiali saluti.<\/p>\n<p><em>Fp Cgil Lecco\u00a0 \u00a0 C. Tramparulo<\/em><br \/>\n<em>Cisl Fp Mbl\u00a0 \u00a0 \u00a0 \u00a0 \u00a0N. Turdo<\/em><br \/>\n<em>Uil Fpl Lario\u00a0 \u00a0 \u00a0 \u00a0M. Coppia<\/em><br \/>\n<em>Rsu Asst Lecco E. Castelnovo<\/em><\/p>\n","protected":false},"excerpt":{"rendered":"<p>All&#8217;Asst di Lecco \u00e8 allarme: 370 dipendenti sono risultati positivi al coronavirus. Sindacati e Rsu hanno indetto una protesta per il 24 aprile.\u00a0 Lo hanno annunciato i rappresentati di Cgil Lecco, Cisl Monza Brianza Lecco, Uil del Lario e Rsu con una\u00a0 \u00a0lettera che \u00e8 stata inviata sia ai dirigenti della Asst di Lecco che [&hellip;]<\/p>\n","protected":false},"author":5,"featured_media":7267,"comment_status":"closed","ping_status":"open","sticky":false,"template":"","format":"standard","meta":{"footnotes":""},"categories":[1],"tags":[483,95],"class_list":{"0":"post-7265","1":"post","2":"type-post","3":"status-publish","4":"format-standard","5":"has-post-thumbnail","7":"category-notizie","8":"tag-asst","9":"tag-lecco","10":"czr-hentry"},"_links":{"self":[{"href":"https:\/\/www.monzalecco.lombardia.cisl.it\/index.php?rest_route=\/wp\/v2\/posts\/7265","targetHints":{"allow":["GET"]}}],"collection":[{"href":"https:\/\/www.monzalecco.lombardia.cisl.it\/index.php?rest_route=\/wp\/v2\/posts"}],"about":[{"href":"https:\/\/www.monzalecco.lombardia.cisl.it\/index.php?rest_route=\/wp\/v2\/types\/post"}],"author":[{"embeddable":true,"href":"https:\/\/www.monzalecco.lombardia.cisl.it\/index.php?rest_route=\/wp\/v2\/users\/5"}],"replies":[{"embeddable":true,"href":"https:\/\/www.monzalecco.lombardia.cisl.it\/index.php?rest_route=%2Fwp%2Fv2%2Fcomments&post=7265"}],"version-history":[{"count":3,"href":"https:\/\/www.monzalecco.lombardia.cisl.it\/index.php?rest_route=\/wp\/v2\/posts\/7265\/revisions"}],"predecessor-version":[{"id":7269,"href":"https:\/\/www.monzalecco.lombardia.cisl.it\/index.php?rest_route=\/wp\/v2\/posts\/7265\/revisions\/7269"}],"wp:featuredmedia":[{"embeddable":true,"href":"https:\/\/www.monzalecco.lombardia.cisl.it\/index.php?rest_route=\/wp\/v2\/media\/7267"}],"wp:attachment":[{"href":"https:\/\/www.monzalecco.lombardia.cisl.it\/index.php?rest_route=%2Fwp%2Fv2%2Fmedia&parent=7265"}],"wp:term":[{"taxonomy":"category","embeddable":true,"href":"https:\/\/www.monzalecco.lombardia.cisl.it\/index.php?rest_route=%2Fwp%2Fv2%2Fcategories&post=7265"},{"taxonomy":"post_tag","embeddable":true,"href":"https:\/\/www.monzalecco.lombardia.cisl.it\/index.php?rest_route=%2Fwp%2Fv2%2Ftags&post=7265"}],"curies":[{"name":"wp","href":"https:\/\/api.w.org\/{rel}","templated":true}]}}