{"id":7345,"date":"2020-04-16T12:13:02","date_gmt":"2020-04-16T10:13:02","guid":{"rendered":"https:\/\/www.monzalecco.lombardia.cisl.it\/?p=7345"},"modified":"2020-04-16T12:13:02","modified_gmt":"2020-04-16T10:13:02","slug":"rsa-la-situazione-e-difficile","status":"publish","type":"post","link":"https:\/\/www.monzalecco.lombardia.cisl.it\/?p=7345","title":{"rendered":"\u00abRsa, la situazione \u00e8 difficile\u00bb"},"content":{"rendered":"<p>Anche in Brianza e nel Lecchese, la situazione nelle Rsa (residenze socio assistenziali) \u00e8 difficile. Molto difficile. Lo denuncia arriva dalla Cisl Fp Mbl dopo i casi tragici casi del Milanese, del Bresciano e della Bergamasca.<\/p>\n<p>\u00abAlcune strutture &#8211; spiega Franca Bodega, Cisl Fp Mbl &#8211; sono state molto previdenti e hanno chiuso alle visite fin dalle prime avvisaglie. Altre invece non hanno intuito il pericolo. Gli ospiti delle Rsa sono persone fragili e facilmente vittime del virus. Quanti sono stati i morti? Difficile dirlo. Le cifre ufficiali non rispecchiano la reale dimensione del fenomeno anche perch\u00e9 non vengono fatti i tamponi\u00bb.<\/p>\n<p>Le Ats non ha inviato i tamponi e le Rsa che volevano farli hanno dovuto sostenere i costi. Oltre ai pazienti, sono molti tra gli operatori a essersi contagiati \u00abSi calcola \u2013 continua Franca Bodega \u2013 che il 10% degli addetti sia risultato positivo al Covid-19. Questi sono quelli che hanno avuto sintomi del virus, ci sono poi gli asintomatici che non sappiamo quanti siano ma che sono \u201cpericolosi\u201d perch\u00e9 diffondono anch\u2019essi la malattia\u00bb.<\/p>\n<p>La situazione \u00e8 quindi molto delicata e c\u2019\u00e8 allarme nel sindacato che, da parte sua, continua a chiedere il rafforzamento delle misure di prevenzione per tutelare sia i pazienti sia i lavoratori. \u00abMolti operatori si sono ammalati \u2013 conclude Franca Bodega \u2013 e hanno sviluppato il virus nella sua forma pi\u00f9 grave a rischio della loro vita. Ci\u00f2 non \u00e8 tollerabile. Chiediamo pi\u00f9 attenzione nei confronti di chi lavora in prima linea per contenere l\u2019epidemia\u00bb.<\/p>\n<p>Intanto la Procura della Repubblica di Lecco ha aperto un\u2019inchiesta sulle morti da coronavirus nelle Rsa. Al momento non c\u2019\u00e8 ancora alcun iscritto sul registro degli indagati.<\/p>\n","protected":false},"excerpt":{"rendered":"<p>Anche in Brianza e nel Lecchese, la situazione nelle Rsa (residenze socio assistenziali) \u00e8 difficile. Molto difficile. Lo denuncia arriva dalla Cisl Fp Mbl dopo i casi tragici casi del Milanese, del Bresciano e della Bergamasca. \u00abAlcune strutture &#8211; spiega Franca Bodega, Cisl Fp Mbl &#8211; sono state molto previdenti e hanno chiuso alle visite [&hellip;]<\/p>\n","protected":false},"author":5,"featured_media":7346,"comment_status":"closed","ping_status":"open","sticky":false,"template":"","format":"standard","meta":{"footnotes":""},"categories":[1],"tags":[71,548],"class_list":{"0":"post-7345","1":"post","2":"type-post","3":"status-publish","4":"format-standard","5":"has-post-thumbnail","7":"category-notizie","8":"tag-cisl-fp","9":"tag-rsa","10":"czr-hentry"},"_links":{"self":[{"href":"https:\/\/www.monzalecco.lombardia.cisl.it\/index.php?rest_route=\/wp\/v2\/posts\/7345","targetHints":{"allow":["GET"]}}],"collection":[{"href":"https:\/\/www.monzalecco.lombardia.cisl.it\/index.php?rest_route=\/wp\/v2\/posts"}],"about":[{"href":"https:\/\/www.monzalecco.lombardia.cisl.it\/index.php?rest_route=\/wp\/v2\/types\/post"}],"author":[{"embeddable":true,"href":"https:\/\/www.monzalecco.lombardia.cisl.it\/index.php?rest_route=\/wp\/v2\/users\/5"}],"replies":[{"embeddable":true,"href":"https:\/\/www.monzalecco.lombardia.cisl.it\/index.php?rest_route=%2Fwp%2Fv2%2Fcomments&post=7345"}],"version-history":[{"count":1,"href":"https:\/\/www.monzalecco.lombardia.cisl.it\/index.php?rest_route=\/wp\/v2\/posts\/7345\/revisions"}],"predecessor-version":[{"id":7347,"href":"https:\/\/www.monzalecco.lombardia.cisl.it\/index.php?rest_route=\/wp\/v2\/posts\/7345\/revisions\/7347"}],"wp:featuredmedia":[{"embeddable":true,"href":"https:\/\/www.monzalecco.lombardia.cisl.it\/index.php?rest_route=\/wp\/v2\/media\/7346"}],"wp:attachment":[{"href":"https:\/\/www.monzalecco.lombardia.cisl.it\/index.php?rest_route=%2Fwp%2Fv2%2Fmedia&parent=7345"}],"wp:term":[{"taxonomy":"category","embeddable":true,"href":"https:\/\/www.monzalecco.lombardia.cisl.it\/index.php?rest_route=%2Fwp%2Fv2%2Fcategories&post=7345"},{"taxonomy":"post_tag","embeddable":true,"href":"https:\/\/www.monzalecco.lombardia.cisl.it\/index.php?rest_route=%2Fwp%2Fv2%2Ftags&post=7345"}],"curies":[{"name":"wp","href":"https:\/\/api.w.org\/{rel}","templated":true}]}}