{"id":7363,"date":"2020-04-18T09:33:04","date_gmt":"2020-04-18T07:33:04","guid":{"rendered":"https:\/\/www.monzalecco.lombardia.cisl.it\/?p=7363"},"modified":"2020-04-18T09:33:54","modified_gmt":"2020-04-18T07:33:54","slug":"riapertura-nessuna-garanzia","status":"publish","type":"post","link":"https:\/\/www.monzalecco.lombardia.cisl.it\/?p=7363","title":{"rendered":"\u00abRiapertura, nessuna garanzia\u00bb"},"content":{"rendered":"<p>\u00abNella cabina di regia che Regione Lombardia ha convocato oggi con le parti sociali e i capigruppo del Consiglio Regionale non abbiamo purtroppo ascoltato dalla Regione nemmeno una sola proposta che si possa onestamente definire concreta\u00bb. Cos\u00ec Cgil, Cisl e Uil Lombardia nel comunicato unitario inviato al termine della videoconferenza di ieri, venerd\u00ec 17 aprile.<\/p>\n<p>\u00abNon una proposta su come si vuole garantire quotidianamente a tutti i lavoratori e ai cittadini gli indispensabili Dpi (mascherine e guanti idonei) per poter muoversi e lavorare \u2013 proseguono -. Nulla su come si intende assicurare a tutti di poter viaggiare sui treni, sul metr\u00f2, sui bus, rigorosamente mantenendo almeno un metro di distanza dagli altri viaggiatori\u00bb.<\/p>\n<p>\u00abNessuna proposta di un elenco dettagliato di attivit\u00e0 e mansioni che devono essere svolte dal proprio domicilio in lavoro agile, con il conseguente obbligo alle aziende di osservarlo \u2013 sottolineano inoltre Cgil, Cisl e Uil regionali -. Nessuna idea su come organizzare i servizi su tutto il territorio lombardo che assicurino a tutti i lombardi che dovranno tornare a quelle che il Presidente Fontana ha definito le \u201cattivit\u00e0 ordinarie\u201d almeno un tampone settimanale per verificare la presenza di contagio e il test sierologico per certificare la presenza di anticorpi\u00bb.<\/p>\n<p>I sindacati ricordano che \u00abi luoghi di lavoro sono anche gli ospedali e le Rsa: difendere le condizioni di tutti coloro che li lavorano o sono curati e assistiti \u00e8 una priorit\u00e0 che continua, affiancata dalla necessaria ricostituzione del ruolo della sanit\u00e0 territoriale del tutto assente per scelta organizzativa e politica della Regione. Le quattro \u201cD\u201d per ora restano al massimo buone intenzioni\u00bb.<\/p>\n<p>Cgil, Cisl e Uil Lombardia ribadiscono che le date e le modalit\u00e0 con cui si attuer\u00e0 la \u00abfase 2\u00bb si decidono solo a livello nazionale per tutto il Paese, con un confronto preventivo con le parti sociali, \u00abcos\u00ec come per noi \u00e8 indispensabile una corretta e diffusa applicazione del protocollo su salute e sicurezza nei luoghi di lavoro, sottoscritto il 14 marzo, a partire dalla costituzione dei comitati oggi insediati in meno del 30% delle imprese\u00bb.<\/p>\n<p>\u00abSe in Lombardia ci si vuole preparare al meglio per quella data \u2013 affermano i sindacati \u2013 serve che le annunciate misure diventino concrete opportunit\u00e0 garantite a tutti. Una ripartenza della mobilit\u00e0 e delle attivit\u00e0 produttive non essenziali (in assenza di vaccino) se non vengono garantite le citate misure di sicurezza, ha come unica conseguenza un\u2019altra ripartenza: quella dell\u2019epidemia, dei ricoveri e dei decessi!\u00bb.<\/p>\n<p>Cgil, Cisl e Uil, che hanno messo sin dall\u2019inizio di questa tragedia la salute e la vita davanti a tutto, non permetteranno che la Lombardia possa correre questo rischio; e questo per il rispetto che si deve alle migliaia di morti di queste settimane e all\u2019immenso sacrificio di tutti i lavoratori e lavoratrici che hanno garantito e continuano a garantire la cura, l\u2019assistenza e i servizi essenziali.<\/p>\n<p><a href=\"https:\/\/www.monzalecco.lombardia.cisl.it\/wp-content\/uploads\/2020\/04\/Comunicato-17-aprile.pdf\">Il comunicato di Cgil, Cisl, Uil Lombardia<\/a><\/p>\n","protected":false},"excerpt":{"rendered":"<p>\u00abNella cabina di regia che Regione Lombardia ha convocato oggi con le parti sociali e i capigruppo del Consiglio Regionale non abbiamo purtroppo ascoltato dalla Regione nemmeno una sola proposta che si possa onestamente definire concreta\u00bb. Cos\u00ec Cgil, Cisl e Uil Lombardia nel comunicato unitario inviato al termine della videoconferenza di ieri, venerd\u00ec 17 aprile. [&hellip;]<\/p>\n","protected":false},"author":5,"featured_media":7366,"comment_status":"closed","ping_status":"open","sticky":false,"template":"","format":"standard","meta":{"footnotes":""},"categories":[1],"tags":[36,518,527,100],"class_list":{"0":"post-7363","1":"post","2":"type-post","3":"status-publish","4":"format-standard","5":"has-post-thumbnail","7":"category-notizie","8":"tag-cisl-lombardia","9":"tag-coronavirus","10":"tag-covid-19","11":"tag-lombardia","12":"czr-hentry"},"_links":{"self":[{"href":"https:\/\/www.monzalecco.lombardia.cisl.it\/index.php?rest_route=\/wp\/v2\/posts\/7363","targetHints":{"allow":["GET"]}}],"collection":[{"href":"https:\/\/www.monzalecco.lombardia.cisl.it\/index.php?rest_route=\/wp\/v2\/posts"}],"about":[{"href":"https:\/\/www.monzalecco.lombardia.cisl.it\/index.php?rest_route=\/wp\/v2\/types\/post"}],"author":[{"embeddable":true,"href":"https:\/\/www.monzalecco.lombardia.cisl.it\/index.php?rest_route=\/wp\/v2\/users\/5"}],"replies":[{"embeddable":true,"href":"https:\/\/www.monzalecco.lombardia.cisl.it\/index.php?rest_route=%2Fwp%2Fv2%2Fcomments&post=7363"}],"version-history":[{"count":1,"href":"https:\/\/www.monzalecco.lombardia.cisl.it\/index.php?rest_route=\/wp\/v2\/posts\/7363\/revisions"}],"predecessor-version":[{"id":7365,"href":"https:\/\/www.monzalecco.lombardia.cisl.it\/index.php?rest_route=\/wp\/v2\/posts\/7363\/revisions\/7365"}],"wp:featuredmedia":[{"embeddable":true,"href":"https:\/\/www.monzalecco.lombardia.cisl.it\/index.php?rest_route=\/wp\/v2\/media\/7366"}],"wp:attachment":[{"href":"https:\/\/www.monzalecco.lombardia.cisl.it\/index.php?rest_route=%2Fwp%2Fv2%2Fmedia&parent=7363"}],"wp:term":[{"taxonomy":"category","embeddable":true,"href":"https:\/\/www.monzalecco.lombardia.cisl.it\/index.php?rest_route=%2Fwp%2Fv2%2Fcategories&post=7363"},{"taxonomy":"post_tag","embeddable":true,"href":"https:\/\/www.monzalecco.lombardia.cisl.it\/index.php?rest_route=%2Fwp%2Fv2%2Ftags&post=7363"}],"curies":[{"name":"wp","href":"https:\/\/api.w.org\/{rel}","templated":true}]}}