{"id":7407,"date":"2020-04-22T01:28:33","date_gmt":"2020-04-21T23:28:33","guid":{"rendered":"https:\/\/www.monzalecco.lombardia.cisl.it\/?p=7407"},"modified":"2020-04-22T19:32:13","modified_gmt":"2020-04-22T17:32:13","slug":"rottapham-licenzia-76-lavoratori","status":"publish","type":"post","link":"https:\/\/www.monzalecco.lombardia.cisl.it\/?p=7407","title":{"rendered":"Rottapham licenzia 76 lavoratori"},"content":{"rendered":"<p>La trattativa \u00e8 virtuale, ma i licenziamenti sono reali. La vertenza Rottapharm Biotech ha dell\u2019incredibile. Il licenziamento di 76 ricercatori \u00e8 stato loro comunicato il 19 febbraio, esattamente quattro giorni prima della sospensione delle vertenze previste per l\u2019epidemia da coronavirus. Il sindacato ha chiesto pi\u00f9 volte di rimandare la vertenza a giugno, ma l\u2019azienda non ha accettato.<\/p>\n<p>\u00abOltre al danno la beffa! &#8211; spiega Tiziano Cogliati, Femca Cisl Mbl -. Le misure restrittive imposte dai decreti ministeriali impediscono infatti ogni forma di protesta: vietati i presidi, gli assembramenti, ma vietate anche le assemblee. Non c\u2019\u00e8 quindi alcuna possibilit\u00e0 di \u201cgridare al mondo\u201d il proprio dramma\u00bb.<\/p>\n<p>I ricercatori, tra l\u2019altro hanno un\u2019et\u00e0 media di 48 anni e una vita media in azienda di 17 anni. \u00abPer loro sar\u00e0 difficile\u00a0 ricollocarsi &#8211; continua Cogliati -. Anche tenendo conto che il settore della ricerca farmaceutica in Italia non naviga certo in buone acque\u00bb.<\/p>\n<p>Ma sono tante le anomalie di questa trattativa virtuale. \u00abCitiamo ad esempio &#8211; afferma un comunicato unitario di Filctem Cgil, Femca Cisl e Uiltece Uil -, il paradosso che mentre l&#8217;azienda offriva in trattativa un pacchetto di outplacement, il presidente del gruppo, lanciava sulla stampa locale la notizia dell&#8217;avvio della ricerca del vaccino contro il covid-19. Notizia poi fortemente ridimensionata al tavolo della trattativa: che gioco si sta facendo?\u00bb.<\/p>\n<p>L\u2019azienda ha giustificato i licenziamenti sostenendo che i costi per la ricerca sono troppo elevati e i risultati sono ridotti. Tanto \u00e8 vero che\u00a0 Rottapharm non avrebbe prodotto utili negli ultimi cinque anni. \u00abIl messaggio \u00e8 chiaro &#8211; spiegano le organizzazioni sindacali -: che sia a spese dello Stato la ricollocazione dei lavoratori?\u00a0 Forse si sono stufati del modello monzese di ricerca? Non hanno pensato di convertire le professionalit\u00e0 e le competenze dei suoi lavoratori per continuare la ricerca? Come scarpe vecchie, non servono pi\u00f9 e si buttano via, che sia qualcun altro a ripararle!\u00bb.<\/p>\n<p>Il sindacato ha cercato dal 19 febbraio di poter contrattare con l&#8217;azienda un indennizzo economico dignitoso, almeno al pari di quelli che erano stati concordati per altri esuberi negli anni precedenti.<\/p>\n<p>\u00abL\u2019azienda ha avuto in tutto il periodo un atteggiamento arrogante &#8211; conclude Tiziano Cogliati -, non si \u00e8 mostrata comprensiva con i lavoratori, non concedendo una sospensione della procedura di licenziamento, anzi approfittando della sua posizione di forza ha proferito frasi ultimative, cercando di intimidire i lavoratori, minacciando in ogni momento. Da ultimo ha ritirato quanto messo a disposizione, nel tentativo di far firmare l&#8217;accordo prima della seconda fase della trattativa, la fase istituzionale, che si svolger\u00e0 al ministero del lavoro il 14 maggio. Il sindacato ha cercato di esercitare la rappresentanza in mezzo alle mille difficolt\u00e0 di queste settimane. L&#8217;emergenza passer\u00e0, ma i posti di lavoro non torneranno, mentre la propriet\u00e0 continua a fare i suoi investimenti per far crescere il suo patrimonio altrove\u00bb.<\/p>\n","protected":false},"excerpt":{"rendered":"<p>La trattativa \u00e8 virtuale, ma i licenziamenti sono reali. La vertenza Rottapharm Biotech ha dell\u2019incredibile. Il licenziamento di 76 ricercatori \u00e8 stato loro comunicato il 19 febbraio, esattamente quattro giorni prima della sospensione delle vertenze previste per l\u2019epidemia da coronavirus. Il sindacato ha chiesto pi\u00f9 volte di rimandare la vertenza a giugno, ma l\u2019azienda non [&hellip;]<\/p>\n","protected":false},"author":5,"featured_media":7408,"comment_status":"closed","ping_status":"open","sticky":false,"template":"","format":"standard","meta":{"footnotes":""},"categories":[1],"tags":[25,549],"class_list":{"0":"post-7407","1":"post","2":"type-post","3":"status-publish","4":"format-standard","5":"has-post-thumbnail","7":"category-notizie","8":"tag-femca","9":"tag-rottapharm","10":"czr-hentry"},"_links":{"self":[{"href":"https:\/\/www.monzalecco.lombardia.cisl.it\/index.php?rest_route=\/wp\/v2\/posts\/7407","targetHints":{"allow":["GET"]}}],"collection":[{"href":"https:\/\/www.monzalecco.lombardia.cisl.it\/index.php?rest_route=\/wp\/v2\/posts"}],"about":[{"href":"https:\/\/www.monzalecco.lombardia.cisl.it\/index.php?rest_route=\/wp\/v2\/types\/post"}],"author":[{"embeddable":true,"href":"https:\/\/www.monzalecco.lombardia.cisl.it\/index.php?rest_route=\/wp\/v2\/users\/5"}],"replies":[{"embeddable":true,"href":"https:\/\/www.monzalecco.lombardia.cisl.it\/index.php?rest_route=%2Fwp%2Fv2%2Fcomments&post=7407"}],"version-history":[{"count":1,"href":"https:\/\/www.monzalecco.lombardia.cisl.it\/index.php?rest_route=\/wp\/v2\/posts\/7407\/revisions"}],"predecessor-version":[{"id":7409,"href":"https:\/\/www.monzalecco.lombardia.cisl.it\/index.php?rest_route=\/wp\/v2\/posts\/7407\/revisions\/7409"}],"wp:featuredmedia":[{"embeddable":true,"href":"https:\/\/www.monzalecco.lombardia.cisl.it\/index.php?rest_route=\/wp\/v2\/media\/7408"}],"wp:attachment":[{"href":"https:\/\/www.monzalecco.lombardia.cisl.it\/index.php?rest_route=%2Fwp%2Fv2%2Fmedia&parent=7407"}],"wp:term":[{"taxonomy":"category","embeddable":true,"href":"https:\/\/www.monzalecco.lombardia.cisl.it\/index.php?rest_route=%2Fwp%2Fv2%2Fcategories&post=7407"},{"taxonomy":"post_tag","embeddable":true,"href":"https:\/\/www.monzalecco.lombardia.cisl.it\/index.php?rest_route=%2Fwp%2Fv2%2Ftags&post=7407"}],"curies":[{"name":"wp","href":"https:\/\/api.w.org\/{rel}","templated":true}]}}