{"id":7422,"date":"2020-04-24T12:43:59","date_gmt":"2020-04-24T10:43:59","guid":{"rendered":"https:\/\/www.monzalecco.lombardia.cisl.it\/?p=7422"},"modified":"2020-04-24T12:43:59","modified_gmt":"2020-04-24T10:43:59","slug":"alimentaristi-e-mobilitazione","status":"publish","type":"post","link":"https:\/\/www.monzalecco.lombardia.cisl.it\/?p=7422","title":{"rendered":"Alimentaristi, \u00e8 mobilitazione"},"content":{"rendered":"<p>Le segreterie nazionali di Fai, Flai e Uila, dopo una consultazione dei segretari regionali per discutere e analizzare lo stato della trattativa per il rinnovo del contratto nazionale dell\u2019industria alimentare, esprimono l\u2019unanime disappunto della categoria per l\u2019indisponibilit\u00e0 mostrata da Federalimentare a fissare una data di confronto come pattuito in marzo per proseguire in modo fattivo e proficuo il negoziato.<\/p>\n<p>In un momento in cui le lavoratrici e i lavoratori del settore hanno consentito e garantito, grazie ai propri sacrifici e al proprio impegno, che non ci fosse carenza di prodotti alimentari, Fai, Flai e Uila ritengono ancora pi\u00f9 urgente e fondamentale il rinnovo del contratto nazionale di lavoro con il quale rafforzare diritti e tutele, innovare le relazioni sindacali decisive in questa fase e rilanciare il settore oltre l&#8217;emergenza attuale.<\/p>\n<p>Per questo, le segreterie nazionali e regionali di Fai, Flai e Uila hanno deciso di riprendere, a partire dal 9 maggio tutte le iniziative di mobilitazione e di lotta (blocco degli straordinari e delle flessibilit\u00e0), sospese il 10 marzo.<\/p>\n<p>A sostegno della mobilitazione sar\u00e0 messa in atto una campagna di comunicazione rivolta alle aziende che occupano i 450mila lavoratori del settore, per spiegare le motivazioni che costringono Fai, Flai e Uila a proclamare, per la seconda volta, lo stato di agitazione.<\/p>\n<p>Inoltre, i segretari generali di Fai, Flai e Uila scriveranno a tutti i lavoratori del settore per spiegare le ragioni per le quali diventa necessario un loro pieno coinvolgimento in tutte le iniziative utili per arrivare al rinnovo del contratto.<\/p>\n<p>Nei prossimi giorni partir\u00e0 una campagna di sensibilizzazione sui social che mirer\u00e0 ad informare il pi\u00f9 possibile l\u2019opinione pubblica sulla indisponibilit\u00e0 delle aziende del settore a rinnovare il contratto di lavoro a quelle lavoratrici e lavoratori che in questi mesi hanno contribuito, con tutte le difficolt\u00e0 della fase di emergenza, a garantire la continuit\u00e0 produttiva e quindi la produzione dei beni essenziali per tutti i cittadini.<\/p>\n<h3><span style=\"color: #99cc00;\"><strong>Commento di Enzo Mesagna, segretario generale Fai Cisl Mbl<\/strong><\/span><\/h3>\n<p>Credo si debba ringraziare tutti i dipendenti dell\u2019industria alimentare per il lavoro che stanno facendo in questo periodo molto complicato, in alcuni casi anche mettendo a rischio la propria salute. \u00c8 solo grazie al loro impegno e alla loro responsabilit\u00e0 che viene garantito l\u2019approvvigionamento dei beni alimentari in modo che si possa continuare a fare la spesa e far si che sulle nostre tavole non manchi nulla.<\/p>\n<p>Detto questo l\u2019industria alimentare rappresenta un pilastro del sistema economico sia in provincia di Monza e Brianza (circa 400 aziende, oltre 4.000 dipendenti e marchi quali Star, Rovagnati, Granarolo) sia in provincia di Lecco (con 250 aziende, 2.500 dipendenti e aziende del calibro di Vismara, Norda, Icam, Cademartori, Mauri, Beretta).<\/p>\n<p>In sintesi, abbiamo un contratto scaduto, una piattaforma importante che ha l\u2019obiettivo di rafforzare le relazioni sindacali e di ampliare i diritti e le tutele delle lavoratrici e dei lavoratori del settore.<\/p>\n<p>Purtroppo le parti non hanno trovato un accordo e la trattativa si \u00e8 interrotta, abbiamo iniziato a intraprendere alcune iniziative come il blocco degli straordinari e delle flessibilit\u00e0, che poi abbiamo responsabilmente sospeso con l\u2019arrivo del coronavirus e del <em>lockdown<\/em> ma con l\u2019 impegno da parte di Federalimentari di riprendere in questi giorni il negoziato.<\/p>\n<p>Ora questo impegno viene disatteso, Federalimentare ci ha comunicato di non voler riaprire le trattative e noi abbiamo deciso, qualora non si riuscisse a definire una data per un incontro, di riprendere da dove eravamo arrivati, a partire dal 9 maggio con iniziative di blocco delle flessibilit\u00e0 e degli straordinari.<\/p>\n<p>Non potendo fare assemblee sindacali per ovvi motivi, faremo partire una forte campagna informativa attraverso i social e i normali canali di comunicazione per arrivare a tutti i lavoratori e le lavoratrici del settore ma io credo che tutta l\u2019 opinione pubblica debba sapere quanto sta accadendo al di la delle varie pubblicit\u00e0 che le aziende alimentari del settore continuano a proporre.<\/p>\n<p>Le lavoratrici e i lavoratori dell&#8217;industria alimentare hanno mostrato e continuano a dimostrare in questa fase un forte senso di responsabilit\u00e0, credo sia giusto che le imprese facciano altrettanto accettando di riprendere il confronto con le organizzazioni sindacali e di sottoscrivere un nuovo contratto che rilanci tutto il settore per il dopo emergenza.<\/p>\n","protected":false},"excerpt":{"rendered":"<p>Le segreterie nazionali di Fai, Flai e Uila, dopo una consultazione dei segretari regionali per discutere e analizzare lo stato della trattativa per il rinnovo del contratto nazionale dell\u2019industria alimentare, esprimono l\u2019unanime disappunto della categoria per l\u2019indisponibilit\u00e0 mostrata da Federalimentare a fissare una data di confronto come pattuito in marzo per proseguire in modo fattivo [&hellip;]<\/p>\n","protected":false},"author":5,"featured_media":7423,"comment_status":"closed","ping_status":"open","sticky":false,"template":"","format":"standard","meta":{"footnotes":""},"categories":[1],"tags":[516,550,68],"class_list":{"0":"post-7422","1":"post","2":"type-post","3":"status-publish","4":"format-standard","5":"has-post-thumbnail","7":"category-notizie","8":"tag-alimentaristi","9":"tag-contratto-nazionale-di-lavoro","10":"tag-fai","11":"czr-hentry"},"_links":{"self":[{"href":"https:\/\/www.monzalecco.lombardia.cisl.it\/index.php?rest_route=\/wp\/v2\/posts\/7422","targetHints":{"allow":["GET"]}}],"collection":[{"href":"https:\/\/www.monzalecco.lombardia.cisl.it\/index.php?rest_route=\/wp\/v2\/posts"}],"about":[{"href":"https:\/\/www.monzalecco.lombardia.cisl.it\/index.php?rest_route=\/wp\/v2\/types\/post"}],"author":[{"embeddable":true,"href":"https:\/\/www.monzalecco.lombardia.cisl.it\/index.php?rest_route=\/wp\/v2\/users\/5"}],"replies":[{"embeddable":true,"href":"https:\/\/www.monzalecco.lombardia.cisl.it\/index.php?rest_route=%2Fwp%2Fv2%2Fcomments&post=7422"}],"version-history":[{"count":1,"href":"https:\/\/www.monzalecco.lombardia.cisl.it\/index.php?rest_route=\/wp\/v2\/posts\/7422\/revisions"}],"predecessor-version":[{"id":7424,"href":"https:\/\/www.monzalecco.lombardia.cisl.it\/index.php?rest_route=\/wp\/v2\/posts\/7422\/revisions\/7424"}],"wp:featuredmedia":[{"embeddable":true,"href":"https:\/\/www.monzalecco.lombardia.cisl.it\/index.php?rest_route=\/wp\/v2\/media\/7423"}],"wp:attachment":[{"href":"https:\/\/www.monzalecco.lombardia.cisl.it\/index.php?rest_route=%2Fwp%2Fv2%2Fmedia&parent=7422"}],"wp:term":[{"taxonomy":"category","embeddable":true,"href":"https:\/\/www.monzalecco.lombardia.cisl.it\/index.php?rest_route=%2Fwp%2Fv2%2Fcategories&post=7422"},{"taxonomy":"post_tag","embeddable":true,"href":"https:\/\/www.monzalecco.lombardia.cisl.it\/index.php?rest_route=%2Fwp%2Fv2%2Ftags&post=7422"}],"curies":[{"name":"wp","href":"https:\/\/api.w.org\/{rel}","templated":true}]}}