{"id":7426,"date":"2020-04-24T15:49:15","date_gmt":"2020-04-24T13:49:15","guid":{"rendered":"https:\/\/www.monzalecco.lombardia.cisl.it\/?p=7426"},"modified":"2020-04-24T15:53:56","modified_gmt":"2020-04-24T13:53:56","slug":"il-coronavirus-non-fermera-il-25-aprile","status":"publish","type":"post","link":"https:\/\/www.monzalecco.lombardia.cisl.it\/?p=7426","title":{"rendered":"Il coronavirus non fermer\u00e0 il 25 Aprile"},"content":{"rendered":"<p><a href=\"https:\/\/www.youtube.com\/watch?v=Ppf5XxQADZw&amp;feature=youtu.be&amp;fbclid=IwAR2a8_PVjMYs1pMm0qmwbbK2Y-Gn3Cd1oa8SGODmZZiJSDXP55scRhPwzzI\">Il video realizzato da Cisl Monza Brianza Lecco e Anpi<\/a><\/p>\n<p>Per la prima volta non possiamo celebrare il 25 aprile per strada e nelle piazze. Stiamo combattendo un\u2019altra difficile battaglia, fronteggiando la grave emergenza sanitaria con tanti sacrifici da parte di tutti. Nondimeno \u00e8 obbligo per noi fare memoria. Fare memoria significa battersi ancora una volta per costruire una reale uguaglianza e una democrazia partecipativa, sul fondamento dei principi e dei valori della Resistenza, delle tante battaglie condotte per l\u2019attuazione della Costituzione.<\/p>\n<p>Dobbiamo ricordare cosa rappresenta il 25 aprile per il nostro Paese e quest\u2019anno ricorre il 75esimo anniversario della Liberazione dell\u2019Italia dall\u2019occupazione nazifascista.<\/p>\n<p>Sar\u00e0 impossibile sfilare seguendo la banda mentre cantiamo l\u2019<em>Inno di Mameli<\/em> e <em>Bella ciao<\/em> per le vie di Lecco, con orgoglio citt\u00e0 Medaglia d\u2019argento per la Lotta di Liberazione. Saremo chiusi in casa, ma non per questo dovr\u00e0 venir meno la consapevolezza che il sacrificio di moltissimi, giovani e meno giovani, ha consentito al nostro Paese di raggiungere mete ardue e insperate.<\/p>\n<p>Innanzitutto la fine della guerra. Una guerra terribile e sanguinosa, accompagnata dall\u2019abominio della Shoah.<\/p>\n<p>Sono passati oltre settant&#8217;anni dalla fine della Seconda Guerra Mondiale e dalla Liberazione dal nazifascismo e mai come oggi la pace, bene prezioso donatoci dalla Resistenza italiana ed europea, \u00e8 in serio pericolo. Occorre perci\u00f2 riaffermare con maggiore forza il valore ideale e culturale dell\u2019articolo 11 della Costituzione che recita: \u00abL&#8217;Italia ripudia la guerra come strumento di offesa alla libert\u00e0 degli altri popoli e come mezzo di risoluzione delle controversie internazionali\u00bb.<\/p>\n<p>Non c\u2019\u00e8 una data che stabilisca quando la resistenza inizi\u00f2. Come scrisse Piero Calamandrei, \u00abEra giunta l\u2019ora di resistere; era giunta l\u2019ora di essere uomini: di morire da uomini per vivere da uomini\u00bb.<\/p>\n<p>La Costituzione \u00e8 nata dalla Resistenza, fondamento etico e storico dello Stato nel quale viviamo, della Repubblica, della democrazia in Italia.<\/p>\n<p>Ricordiamo la resistenza armata sulle nostre montagne, ma anche gli scioperi, come quelli del 7 marzo 1944, che coinvolsero migliaia di operai nel lecchese come in tutto il Nord Italia.<\/p>\n<p>Ricordiamo la figura di Pino Galbani, che, poco pi\u00f9 che ragazzo, pag\u00f2 con la deportazione il suo impegno politico e civile.<\/p>\n<p>Ricordiamo che proprio dal mondo del lavoro part\u00ec la protesta che nel giro di un anno port\u00f2 alla fine dell\u2019occupazione.<\/p>\n<p>Ricordiamo le conquiste di civilt\u00e0 rese possibili dalla Resistenza, quali ad esempio l\u2019inclusione a pieno titolo delle donne nella vita politica e sociale del Paese, manifestatasi gi\u00e0 nell\u2019Assemblea costituente.<\/p>\n<p>Il 25 aprile \u00e8 la festa di tutte le italiane e tutti gli italiani. Nessuno escluso. Troppo spesso sentiamo dichiarazioni di propaganda politica che parlano della Festa di Liberazione come ricorrenza divisiva. Non c\u2019\u00e8 nulla di pi\u00f9 sbagliato. La Costituzione \u00e8 nata dalla Resistenza, fondamento etico e storico dello Stato nel quale viviamo, della Repubblica, della democrazia in Italia.<\/p>\n<p>Il 25 aprile deve rinsaldare in ciascuno di noi gli ideali di democrazia e libert\u00e0, nonch\u00e9 un profondo antifascismo, contro i sentimenti di odio, violenza, razzismo e intolleranza che per un ventennio contaminarono l\u2019Italia e che ora non solo riaffiorano ma si manifestano apertamente con protervia e arroganza. Sentimenti anticostituzionali, divisivi, contro i quali lottiamo quotidianamente, perch\u00e9 sia eliminato ogni rigurgito fascista.<\/p>\n<p>Come disse Vittorio Foa, partigiano e padre fondatore della Repubblica Italiana, a un ex repubblichino, che voleva stringergli la mano in aula, \u00abAbbiamo vinto noi e tu sei potuto diventare senatore. Se avessi vinto tu io sarei ancora in carcere\u00bb.<\/p>\n<p>Il 25 aprile 1945 \u00e8 tornata la libert\u00e0 in Italia e oggi dobbiamo continuare a difenderla con ogni mezzo. Anche rimanendo nelle nostre case.<\/p>\n<p><strong>Il segretario generale della Cgil Lecco<\/strong><br \/>\n<em>Diego Riva<\/em><\/p>\n<p><strong>Il Segretario della Cisl Monza Brianza Lecco<\/strong><br \/>\n<em>Mirco Scaccabarozzi<\/em><\/p>\n<p><strong>Il Segretario Generale della Uil del Lario<\/strong><br \/>\n<em>Salvatore Monteduro<\/em><\/p>\n<p><strong>Il Presidente di Anpi provinciale di Lecco<\/strong><br \/>\n<em>Enrico Avagnina<\/em><\/p>\n","protected":false},"excerpt":{"rendered":"<p>Il video realizzato da Cisl Monza Brianza Lecco e Anpi Per la prima volta non possiamo celebrare il 25 aprile per strada e nelle piazze. Stiamo combattendo un\u2019altra difficile battaglia, fronteggiando la grave emergenza sanitaria con tanti sacrifici da parte di tutti. Nondimeno \u00e8 obbligo per noi fare memoria. Fare memoria significa battersi ancora una [&hellip;]<\/p>\n","protected":false},"author":5,"featured_media":7428,"comment_status":"closed","ping_status":"open","sticky":false,"template":"","format":"standard","meta":{"footnotes":""},"categories":[1],"tags":[551,518],"class_list":{"0":"post-7426","1":"post","2":"type-post","3":"status-publish","4":"format-standard","5":"has-post-thumbnail","7":"category-notizie","8":"tag-25-aprile","9":"tag-coronavirus","10":"czr-hentry"},"_links":{"self":[{"href":"https:\/\/www.monzalecco.lombardia.cisl.it\/index.php?rest_route=\/wp\/v2\/posts\/7426","targetHints":{"allow":["GET"]}}],"collection":[{"href":"https:\/\/www.monzalecco.lombardia.cisl.it\/index.php?rest_route=\/wp\/v2\/posts"}],"about":[{"href":"https:\/\/www.monzalecco.lombardia.cisl.it\/index.php?rest_route=\/wp\/v2\/types\/post"}],"author":[{"embeddable":true,"href":"https:\/\/www.monzalecco.lombardia.cisl.it\/index.php?rest_route=\/wp\/v2\/users\/5"}],"replies":[{"embeddable":true,"href":"https:\/\/www.monzalecco.lombardia.cisl.it\/index.php?rest_route=%2Fwp%2Fv2%2Fcomments&post=7426"}],"version-history":[{"count":3,"href":"https:\/\/www.monzalecco.lombardia.cisl.it\/index.php?rest_route=\/wp\/v2\/posts\/7426\/revisions"}],"predecessor-version":[{"id":7431,"href":"https:\/\/www.monzalecco.lombardia.cisl.it\/index.php?rest_route=\/wp\/v2\/posts\/7426\/revisions\/7431"}],"wp:featuredmedia":[{"embeddable":true,"href":"https:\/\/www.monzalecco.lombardia.cisl.it\/index.php?rest_route=\/wp\/v2\/media\/7428"}],"wp:attachment":[{"href":"https:\/\/www.monzalecco.lombardia.cisl.it\/index.php?rest_route=%2Fwp%2Fv2%2Fmedia&parent=7426"}],"wp:term":[{"taxonomy":"category","embeddable":true,"href":"https:\/\/www.monzalecco.lombardia.cisl.it\/index.php?rest_route=%2Fwp%2Fv2%2Fcategories&post=7426"},{"taxonomy":"post_tag","embeddable":true,"href":"https:\/\/www.monzalecco.lombardia.cisl.it\/index.php?rest_route=%2Fwp%2Fv2%2Ftags&post=7426"}],"curies":[{"name":"wp","href":"https:\/\/api.w.org\/{rel}","templated":true}]}}