{"id":7464,"date":"2020-04-30T18:00:43","date_gmt":"2020-04-30T16:00:43","guid":{"rendered":"https:\/\/www.monzalecco.lombardia.cisl.it\/?p=7464"},"modified":"2020-04-30T18:09:41","modified_gmt":"2020-04-30T16:09:41","slug":"1-maggio-auguri-ai-lavoratori","status":"publish","type":"post","link":"https:\/\/www.monzalecco.lombardia.cisl.it\/?p=7464","title":{"rendered":"1\u00b0 maggio con i lavoratori per sconfiggere il virus"},"content":{"rendered":"<h2><span style=\"color: #99cc00;\">1\u00b0 maggio a Monza e in Brianza<\/span><\/h2>\n<p><em>Quest&#8217;anno si celebrer\u00e0 una Festa dei lavoratori atipica. La quarantena, imposta per evitare la diffusione del Covid-19, impedir\u00e0 cortei, comizi manifestazioni. In questo momento particolare, Cgil Cisl e Uil della Brianza non hanno voluto far mancare la loro vicinanza ai lavoratori. Ecco il messaggio videoregistrato dei segretari generali della Brianza, Angela Mondellini (Cgil), Rita Pavan (Cisl) e Abele Parente (Uil), nel quale rilanciano l&#8217;impegno del sindacato in questo momento particolarmente delicato dettato dall&#8217;epidemia di coronavirus.<\/em><\/p>\n<p><iframe loading=\"lazy\" title=\"1\u00b0 maggio 2020\" width=\"1140\" height=\"641\" src=\"https:\/\/www.youtube.com\/embed\/gUfK1carATY?feature=oembed\" frameborder=\"0\" allow=\"accelerometer; autoplay; encrypted-media; gyroscope; picture-in-picture\" allowfullscreen><\/iframe><\/p>\n<p>&nbsp;<\/p>\n<h2><span style=\"color: #99cc00;\">1\u00b0 maggio a Lecco<\/span><\/h2>\n<p><em>Il 1\u00b0 maggio 2020 si celebrer\u00e0 una Festa dei lavoratori diversa. Non ci saranno cortei, comizi manifestazioni a causa del lockdown imposto per evitare il diffondersi del coronavirus.<\/em><br \/>\n<em>In questo momento particolare, Cgil Cisl e Uil di Lecco non hanno per\u00f2 voluto far mancare la loro vicinanza ai lavoratori e a tutti coloro che sono stati colpiti dal coronavirus.<\/em><br \/>\n<em>Ecco il messaggio videoregistrato dei segretari generali Diego Riva (Cgil), Rita Pavan (Cisl) e Salvatore Monteduro (Uil) nel quale rilanciano l&#8217;impegno del sindacato in questo momento particolarmente delicato dettato da un&#8217;epidemia che ha intaccato i fondamenti della nostra societ\u00e0 e della nostra economia.<\/em><\/p>\n<p><iframe loading=\"lazy\" title=\"1\u00b0 maggio 2020\" width=\"1140\" height=\"641\" src=\"https:\/\/www.youtube.com\/embed\/imyU8ST801Y?feature=oembed\" frameborder=\"0\" allow=\"accelerometer; autoplay; encrypted-media; gyroscope; picture-in-picture\" allowfullscreen><\/iframe><\/p>\n<p>&nbsp;<\/p>\n<h5><span style=\"color: #99cc00;\">La celebrazione<\/span><\/h5>\n<p>Venerd\u00ec 1\u00b0 Maggio 2020,\u00a0nell&#8217;ambito delle celebrazioni per la\u00a0Festa dei Lavoratori, si terr\u00e0 un momento commemorativo dedicato alle vittime del lavoro:<\/p>\n<ul>\n<li>Ore 9\u00a0 &#8211; Basilica di S. Nicol\u00f2: S. Messa (a porte chiuse) celebrata da Mons. Davide Milani, prevosto di Lecco<\/li>\n<li>Ore 10 &#8211; Deposizione di una corona d&#8217;alloro al\u00a0Monumento ai caduti sul lavoro\u00a0in largo Caleotto<\/li>\n<\/ul>\n<h5><span style=\"color: #99cc00;\">Il comunicato di Cgil, Cisl e Uil<\/span><\/h5>\n<p>Non sar\u00e0 il solito Primo maggio di festa, di ricordo e di riflessione. Ma anche quest\u2019anno vogliamo celebrare la festa delle lavoratrici e dei lavoratori nel modo migliore possibile. Probabilmente, dal secondo dopoguerra a oggi, il tema del lavoro non \u00e8 mai stato cos\u00ec importante: ripartire con la produzione significa un minimo ritorno alla normalit\u00e0. E proprio per questo motivo dobbiamo guardare con maggiore attenzione alla sicurezza. Non a caso il tema scelto quest\u2019anno a livello nazionale \u00e8 \u00abIl lavoro in sicurezza per costruire il futuro\u00bb. Non solo per gli incidenti, che sono ancora troppo frequenti e che provocano infortuni di ogni gravit\u00e0, numerosi casi di malattie professionali e, nel peggiore dei casi, morti. Quest\u2019anno dobbiamo anche fare di tutto per prevenire il contagio. Il Coronavirus \u00e8 un nemico invisibile da sconfiggere e dobbiamo dialogare insieme alle istituzioni, con gli imprenditori e con gli esperti sanitari per trovare strategie affinch\u00e9 il virus non si diffonda nei luoghi di lavoro.<\/p>\n<p>In questo Primo maggio il pensiero va a medici, infermieri, operatori sanitari e a tutto il personale degli ospedali e delle residenze per anziani, che in queste settimane stanno lavorando senza sosta. Nel lavoro di cura c\u2019\u00e8 la vera Resistenza. Non vogliono essere chiamati eroi, ma a loro va comunque il nostro massimo sostegno perch\u00e9 combattono in prima linea una difficilissima battaglia.<\/p>\n<p>Non bisogna assolutamente dimenticare tutte le lavoratrici e i lavoratori di tutti quei settori giudicati indispensabili che non si sono mai fermati in questo periodo di emergenza sanitaria, spesso mettendo a rischio la propria salute e quella dei familiari, per garantire un minimo di normalit\u00e0. Pensiamo alle lavoratrici e ai lavoratori delle forze dell\u2019ordine, della grande distribuzione, del settore alimentare, dei trasporti, delle imprese che producono beni essenziali, dell\u2019informazione e di tutti i servizi alla persona. Grazie al loro impegno hanno permesso al Paese di andare avanti in questo periodo.<\/p>\n<p>Occorre anche impegnarci severamente per garantire un futuro a tutte le persone in cerca di un&#8217;occupazione, alle lavoratrici e ai lavoratori precari, con contratti atipici e stagionali. Con l&#8217;emergenza sanitaria in corso le loro condizioni economiche sono destinate a peggiorare. Per questo bisogna lavorare per migliorare il loro presente e, quindi, il loro futuro.<\/p>\n<p>\u00c8 necessario provare a conquistare spazi nella sfera della conciliazione \u00abvita e lavoro\u00bb. Parlare di conciliazione dei tempi di vita privata e lavoro riporta spesso all\u2019idea del lavoro femminile. In realt\u00e0 non \u00e8 cos\u00ec, questa necessit\u00e0 riguarda anche coloro che devono accudire un proprio familiare bisognoso di particolari cure. La nostra provincia ha visto nascere \u00abnuove marginalit\u00e0 sociali\u00bb. La crisi economica e la trasformazione della rete familiare hanno generato un aumento della povert\u00e0 e delle diseguaglianze, oltre ad una crescente difficolt\u00e0 a conciliare lavoro e famiglia. Le tradizionali misure messe in campo dai servizi pubblici e sociali non sono in grado di intercettare questi nuovi disagi.<\/p>\n<p>Non ci stancheremo mai di ricordare di come l\u2019articolo 1 della nostra Costituzione sancisca che \u00abL\u2019Italia \u00e8 una repubblica democratica, fondata sul lavoro\u00bb. I rappresentanti dell\u2019Assemblea costituente discussero molto sul primo articolo e alla fine hanno convenuto che il tema del lavoro deve essere alla base della nostra societ\u00e0. Per questo serve garantire un futuro migliore, con pi\u00f9 tutele nella sfera della sicurezza nei posti di lavoro. Questo risultato sar\u00e0 possibile ottenerlo solo se saremo capaci di azionare un\u2019assidua interlocuzione con tutte le parti sociali e a maggiori investimenti su sicurezza e formazione da parte del governo e anche dell\u2019Europa. Perch\u00e9 serve una visione sempre pi\u00f9 comunitaria del lavoro e della sicurezza.<\/p>\n<p>Viva il 1 maggio!<\/p>\n","protected":false},"excerpt":{"rendered":"<p>1\u00b0 maggio a Monza e in Brianza Quest&#8217;anno si celebrer\u00e0 una Festa dei lavoratori atipica. La quarantena, imposta per evitare la diffusione del Covid-19, impedir\u00e0 cortei, comizi manifestazioni. In questo momento particolare, Cgil Cisl e Uil della Brianza non hanno voluto far mancare la loro vicinanza ai lavoratori. Ecco il messaggio videoregistrato dei segretari generali [&hellip;]<\/p>\n","protected":false},"author":5,"featured_media":3924,"comment_status":"closed","ping_status":"open","sticky":false,"template":"","format":"standard","meta":{"footnotes":""},"categories":[1],"tags":[347,552],"class_list":{"0":"post-7464","1":"post","2":"type-post","3":"status-publish","4":"format-standard","5":"has-post-thumbnail","7":"category-notizie","8":"tag-1-maggio","9":"tag-festa-dei-lavoratori","10":"czr-hentry"},"_links":{"self":[{"href":"https:\/\/www.monzalecco.lombardia.cisl.it\/index.php?rest_route=\/wp\/v2\/posts\/7464","targetHints":{"allow":["GET"]}}],"collection":[{"href":"https:\/\/www.monzalecco.lombardia.cisl.it\/index.php?rest_route=\/wp\/v2\/posts"}],"about":[{"href":"https:\/\/www.monzalecco.lombardia.cisl.it\/index.php?rest_route=\/wp\/v2\/types\/post"}],"author":[{"embeddable":true,"href":"https:\/\/www.monzalecco.lombardia.cisl.it\/index.php?rest_route=\/wp\/v2\/users\/5"}],"replies":[{"embeddable":true,"href":"https:\/\/www.monzalecco.lombardia.cisl.it\/index.php?rest_route=%2Fwp%2Fv2%2Fcomments&post=7464"}],"version-history":[{"count":9,"href":"https:\/\/www.monzalecco.lombardia.cisl.it\/index.php?rest_route=\/wp\/v2\/posts\/7464\/revisions"}],"predecessor-version":[{"id":7476,"href":"https:\/\/www.monzalecco.lombardia.cisl.it\/index.php?rest_route=\/wp\/v2\/posts\/7464\/revisions\/7476"}],"wp:featuredmedia":[{"embeddable":true,"href":"https:\/\/www.monzalecco.lombardia.cisl.it\/index.php?rest_route=\/wp\/v2\/media\/3924"}],"wp:attachment":[{"href":"https:\/\/www.monzalecco.lombardia.cisl.it\/index.php?rest_route=%2Fwp%2Fv2%2Fmedia&parent=7464"}],"wp:term":[{"taxonomy":"category","embeddable":true,"href":"https:\/\/www.monzalecco.lombardia.cisl.it\/index.php?rest_route=%2Fwp%2Fv2%2Fcategories&post=7464"},{"taxonomy":"post_tag","embeddable":true,"href":"https:\/\/www.monzalecco.lombardia.cisl.it\/index.php?rest_route=%2Fwp%2Fv2%2Ftags&post=7464"}],"curies":[{"name":"wp","href":"https:\/\/api.w.org\/{rel}","templated":true}]}}