{"id":7662,"date":"2020-05-29T12:23:11","date_gmt":"2020-05-29T10:23:11","guid":{"rendered":"https:\/\/www.monzalecco.lombardia.cisl.it\/?p=7662"},"modified":"2020-05-29T15:56:54","modified_gmt":"2020-05-29T13:56:54","slug":"firma-per-una-sanita-bene-comune","status":"publish","type":"post","link":"https:\/\/www.monzalecco.lombardia.cisl.it\/?p=7662","title":{"rendered":"\u00abFirma per una sanit\u00e0 bene comune\u00bb"},"content":{"rendered":"<p><strong>IL MOVIMENTO NAZIONALE \u00abPRIMA LA COMUNIT\u00c0\u00bb\u00a0 ha lanciato questa petizione e l&#8217;ha diretta al Presidente del Consiglio dei ministri, al ministro della Salute, al Presidente della Conferenza delle Regioni e al Presidente Anci (associazione nazionale Comuni d&#8217;Italia). All&#8217;appello ha aderito anche la Cisl Monza Brianza Lecco. Vi invitiamo a leggerla e se la condividete, sottoscriverla <a href=\"https:\/\/www.change.org\/p\/ministero-della-salute-vogliamo-un-futuro-per-la-nostra-salute-c2eab7d2-5817-4872-9857-82e63a20d946?utm_content=cl_sharecopy_22146306_it-IT%3Av7&amp;recruiter=1093950148&amp;recruited_by_id=3f961630-9f67-11ea-a807-1b7c6e842e94&amp;utm_source=share_petition&amp;utm_medium=copylink&amp;utm_campaign=psf_combo_share_abi&amp;utm_term=948fee3ed56448cfacad45d9017ed941\">qui<\/a>, e darne la massima diffusione.<\/strong><\/p>\n<p><strong>\u00abQuesto movimento &#8211; spiega Sergio Venezia, Cisl Mbl &#8211; nasce dall&#8217;esperienza delle Case della Salute, create in provincia di Reggio Emilia da Franco Riboldi, allora direttore della Asl locale. Si tratta di strutture, molto radicate sul territorio, nelle quali, oltre a offrire l&#8217;assistenza medica di base, si occupano di salute a 360\u00b0 diventando punti di riferimento per la comunit\u00e0 e per il benessere dell&#8217;individuo\u00bb.<\/strong><\/p>\n<p><strong>Questa esperienza \u00e8 servita da spunto per la nascita del movimento nazionale \u00abPrima la Comunit\u00e0\u00bb, cui hanno aderito anche don Virginio Colmegna, la Cisl Lombardia e la Cisl Mbl. \u00abSi tratta di una rete &#8211; continua Venezia &#8211; che lavora su un piano politico (non partitico) per affermare l&#8217;importanza dello Stato sociale e per creare spazi di partecipazione comunitari. Proprio in occasione dell&#8217;epidemia di coronavirus abbiamo ribadito la necessit\u00e0 di rinforzare la sanit\u00e0 pubblica e rafforzare i legami con il territorio attraverso una partecipazione comunitaria. \u00c8 quanto chiediamo attraverso questa petizione\u00bb.<\/strong><\/p>\n<p>VOGLIAMO UN FUTURO PER LA NOSTRA SALUTE<br \/>\nAppello per ripartire con coraggio<br \/>\nL\u2019uscita dalla condizione di quarantena, che ha modificato profondamente le abitudini quotidiane di tutti, \u00e8 l\u2019occasione per vedere nascere una comunit\u00e0 rinnovata e consapevole. L\u2019appello \u00e8 rivolto alle istituzioni perch\u00e9 predispongano reali organismi di partecipazione e ai cittadini perch\u00e9 esercitino la responsabilit\u00e0 in modo attivo, nella convinzione che al centro della cura c\u2019\u00e8 la persona e che la salute \u00e8 un bene comune, fondamentale e garantito dalla Costituzione.<\/p>\n<p>INVESTIRE NEL TERRITORIO<br \/>\nIl sistema sanitario \u00e8 stato travolto dall&#8217;emergenza pandemia che \u00e8 un evento di portata gravissima. Il rischio di collasso del sistema di cura non dipende solo dalla diminuzione di posti letto in terapia intensiva o dalla mancanza di ulteriori strutture specializzate di ricovero, ma soprattutto dal fatto che in questo Paese c\u2019\u00e8 un\u2019insufficiente organizzazione dell\u2019assistenza territoriale e domiciliare.<br \/>\nChiediamo un aumento dei fondi per la sanit\u00e0 pubblica finalizzati ad interventi preventivi, di cura e sociali nel territorio.<\/p>\n<p>RISCOPRIRE LA SALUTE COME PROGETTO SOCIALE<br \/>\nL\u2019emergenza pandemia ribadisce con evidenza disarmante quanto la salute non sia un fatto individuale ma un efficace e potente indicatore di sviluppo sostenibile e di successo di una comunit\u00e0. \u00c8 significativo il richiamo che si sta facendo con forza alle responsabilit\u00e0 e ai comportamenti individuali per il raggiungimento di un fine comune.<br \/>\nChiediamo un reale coinvolgimento della comunit\u00e0 per la definizione e la conduzione di un piano strategico per la costruzione sociale della salute.<\/p>\n<p>NON TRASCURARE LE FASCE DEBOLI, RIDURRE LE DISUGUAGLIANZE<br \/>\nAumentano coloro che non trovano nell&#8217;attuale sistema di welfare garanzie di dignit\u00e0 e di equit\u00e0. Incidono a vario titolo in questo fenomeno molti determinanti sociali di salute ormai noti: la povert\u00e0 economica, l\u2019et\u00e0, l\u2019istruzione, il lavoro, il contesto abitativo, la solitudine, la provenienza geografica (anche per quanto concerne le differenze nord-sud nell&#8217;ambito di uno stesso paese). Questa crisi sta dando un ulteriore duro colpo alla condizione di disabili, anziani, malati mentali, carcerati, immigrati indigenti, soggetti che vivono ai limiti della povert\u00e0 relativa e assoluta.<br \/>\nChiediamo che il complesso delle politiche territoriali e le norme pi\u00f9 in generale, compresi i provvedimenti temporanei nelle emergenze, siano sempre all&#8217;insegna del \u201cnessuno escluso\u201d fin da subito.<\/p>\n<p>DARE UNA FORMA NUOVA E CORAGGIOSA ALLA SALUTE DI TERRITORIO<br \/>\nPer uscire da una logica di sanit\u00e0 aziendale che mette al centro solo l\u2019ospedale, a sua volta impoverito di operatori e risorse, occorrono proposte concrete di comunit\u00e0 che rendano visibile e operativa sul territorio un\u2019attenzione alla salute pubblica differenziata secondo i bisogni e partecipata dai cittadini nelle responsabilit\u00e0 e nelle scelte. \u00c8 importante altres\u00ec che il terzo settore sia visto come una risorsa preziosa e non una controparte convenzionata come lo \u00e8 il settore privato.<br \/>\nChiediamo che si costituisca un gruppo di studio a livello nazionale con diverse competenze capace di raccogliere anche le esperienze virtuose territoriali delle \u201ccase della salute\/case della comunit\u00e0\u201d per la definizione di una aggiornata e appropriata organizzazione delle cure primarie su tutto il territorio nazionale, orientata nel dare preminenza al sostegno alla domiciliarit\u00e0.<\/p>\n<p>ATTUALIZZARE IL WELFARE DI COMUNIT\u00c0\u2019<br \/>\nI servizi sanitari sono importanti ma non sono i soli in grado di influenzare il benessere della popolazione. Altri settori come l\u2019ambiente, l\u2019istruzione, il lavoro, la tutela e la garanzia del reddito, l\u2019abitazione, la qualit\u00e0 delle relazioni e gli stili di vita contribuiscono a generare salute. L\u2019intersettorialit\u00e0 costituisce un aspetto fondamentale del riordino della stessa sanit\u00e0 pubblica.<br \/>\nChiediamo che si lavori ad un piano nazionale per la salute che faccia sintesi dell\u2019insieme delle risorse della collettivit\u00e0. In esso trovino le modalit\u00e0 per l\u2019organizzazione di servizi integrati relativi ad una comunit\u00e0 presente su un determinato territorio omogeneo. \u00c8 cos\u00ec che una Casa della Salute\/Casa della Comunit\u00e0 pu\u00f2 riunire i servizi sociali e sanitari in un\u2019unica gestione ed essere luogo di incontro tra tutte le risorse che contribuiscono alla salute della comunit\u00e0. Chiediamo che si predisponga una formazione adeguata dei professionisti al lavoro di equipe, rafforzando il ruolo delle figure professionali gi\u00e0 presenti e istituendo anche figure nuove competenti sulle connessioni e sulla prevenzione come l\u2019infermiere di famiglia\/comunit\u00e0, il facilitatore di salute, l\u2019agente di comunit\u00e0.<\/p>\n<p>RICONOSCERE IL PRIMATO DELLA SALUTE NELL&#8217;ECONOMIA\u00a0E NELLA POLITICA<br \/>\nL\u2019emergenza Coronavirus con la sua drammaticit\u00e0 conferma il ruolo determinante delle decisioni politiche ed economiche nella capacit\u00e0 e appropriatezza di rispondere ai bisogni di salute e in tale contesto conferma quanto ampia sia la distanza tra cittadini e istituzioni.<br \/>\nChiediamo alle istituzioni che il diritto alla salute sia criterio irrinunciabile per le decisioni politiche ed economiche perch\u00e9 riconosciuto come filo che unisce, orienta e da senso alle scelte dei governanti in ogni contesto. Chiediamo che la riorganizzazione della sanit\u00e0 territoriale in tutte le regioni dell\u2019Italia contribuisca a ridurre le disuguaglianze nell\u2019interesse della comunit\u00e0.<\/p>\n<p>IL MOVIMENTO NAZIONALE \u2018\u00abPRIMA LA COMUNIT\u00c0\u00bb<br \/>\n***<\/p>\n<p>Il Movimento \u201cPrima la Comunit\u00e0\u201d si \u00e8 ufficialmente costituito il 30 gennaio 2020 a Roma. Tra gli ispiratori del Movimento la \u201cCasa della Carit\u00e0 di Milano\u201d, progetto voluto dal Cardinale Martini per educare la metropoli a ripartire dagli esclusi, e Fondazione Santa Clelia Barbieri che, nella provincia bolognese, mette al centro dello sguardo collettivo gli anziani del territorio e i loro bisogni, educando le comunit\u00e0 di riferimento ad averne cura.<br \/>\nLa condivisione dei valori di fondo e il dialogo con oltre 40 realt\u00e0 operanti nelle diverse regioni italiane (specialmente del nostro sud) particolarmente attente alle persone pi\u00f9 fragili e agli esclusi, ha permesso la nascita di un Movimento che, sulla base di esperienze vissute in prima linea, propone una visione nuova del welfare di comunit\u00e0 basato sul protagonismo delle comunit\u00e0 stesse.<br \/>\nPer saperne di pi\u00f9 sul sito della Casa della carit\u00e0\u00a0sono disponibili i documenti che illustrano finalit\u00e0 ed iniziative del Movimento.<br \/>\n***<br \/>\nFONDAZIONE \u00abCASA DELLA CARIT\u00c0\u00bb\u00a0 &#8211; Milano<br \/>\nFONDAZIONE SANTA CLELIA BARBIERI &#8211; Porretta Alto Reno Terme (BO)<br \/>\nKORALITAS &#8211; PER UNA COMUNIT\u00c0 AMICA E SOLIDALE &#8211; Milano<br \/>\nCITTADINANZATTIVA APS \u2013 Roma<br \/>\nASSOCIAZIONE \u00abSALUTE DIRITTO FONDAMENTALE\u00bb<br \/>\nASSOCIAZIONE DI PROMOZIONE SOCIALE \u00abLA BOTTEGA DEL POSSIBILE\u00bb &#8211; Torre del Pellice (TO)<br \/>\nASSOCIAZIONE COMUNIT\u00c0 PROGETTO SUD ONLUS \u2013 Lamezia Terme<br \/>\nEURICSE &#8211; European Research Institute on Cooperative and Social Enterprises \u2013 Trento<br \/>\nAMBIENTE SOLIDALE COOPERATIVA SOCIALE &#8211; Napoli<br \/>\nBAMB\u00d9 COOPERATIVA SOCIALE &#8211; Napoli<br \/>\nASSOCIAZIONE INFERMIERI DI FAMIGLIA E COMUNIT\u00c0 (AIFeC)<br \/>\nCOOPERATIVA SOCIALE \u00abL\u2019ORSA MAGGIORE\u00bb &#8211; Salerno<br \/>\nCONSORZIO DI COOPERATIVE SOCIALI S.C.S \u00abLA RADA\u00bb &#8211; Napoli<br \/>\nCONSORZIO LA CITT\u00c0 ESSENZIALE &#8211; Matera<br \/>\nASSOCIAZIONE COR-RELAZIONI &#8211; Napoli<br \/>\nCONSORZIO DI COOPERATIVE SOCIALE JOBEL &#8211; Crotone<br \/>\nASSOCIAZIONE AMICI CASA DELLA CARIT\u00c0 &#8211; Milano<br \/>\nFONDAZIONE \u00c8BBENE &#8211; Catania<br \/>\nASSOCIAZIONE CHI ROM E..CHI NO ONLUS &#8211; Napoli<br \/>\nSLOWFOOD \u2013 Condotta di Reggio Emilia<br \/>\nASSOCIAZIONE LA TENDA CENTRO DI SOLIDARIET\u00c0 ONLUS &#8211; Salerno<br \/>\nASSOCIAZIONE TERR.LE PER L\u2019INTEGRAZIONE PASSO PASSO &#8211; ODV &#8211; Marzabotto (BO)<br \/>\nSEME DI PACE COOPERATIVA SOCIALE ONLUS &#8211; Napoli<br \/>\nS.A.D.\u00a0 SOCIET\u00c0 COOPERATIVA SOCIALE &#8211; Trento<br \/>\nLA KUMPANIA SRLS &#8211; Napoli<br \/>\nASSOCIAZIONE DIRITTI INSIEME ASP &#8211; Monza<br \/>\nCOOPERATIVA SOCIALE ONLUS \u00abLA PARANZA\u00bb &#8211; Napoli<br \/>\nCOMUNIT\u00c0 FAMIGLIE DELLA VISITAZIONE &#8211; Bologna<br \/>\nCOOPERATIVA SOCIALE \u00abMADONNA DELL\u2019ULIVETO\u00bb &#8211; Albinea (RE)<br \/>\nCENTTRO DI RICERCA RUSAN &#8211; Risorse umane, sanit\u00e0, servizi sociali, salute &#8211; Sestri Levante<br \/>\nCISL Lombardia<br \/>\nCISL Monza Brianza Lecco<\/p>\n","protected":false},"excerpt":{"rendered":"<p>IL MOVIMENTO NAZIONALE \u00abPRIMA LA COMUNIT\u00c0\u00bb\u00a0 ha lanciato questa petizione e l&#8217;ha diretta al Presidente del Consiglio dei ministri, al ministro della Salute, al Presidente della Conferenza delle Regioni e al Presidente Anci (associazione nazionale Comuni d&#8217;Italia). All&#8217;appello ha aderito anche la Cisl Monza Brianza Lecco. Vi invitiamo a leggerla e se la condividete, sottoscriverla [&hellip;]<\/p>\n","protected":false},"author":5,"featured_media":3383,"comment_status":"closed","ping_status":"open","sticky":false,"template":"","format":"standard","meta":{"footnotes":""},"categories":[1],"tags":[558,207],"class_list":{"0":"post-7662","1":"post","2":"type-post","3":"status-publish","4":"format-standard","5":"has-post-thumbnail","7":"category-notizie","8":"tag-petizione","9":"tag-sanita","10":"czr-hentry"},"_links":{"self":[{"href":"https:\/\/www.monzalecco.lombardia.cisl.it\/index.php?rest_route=\/wp\/v2\/posts\/7662","targetHints":{"allow":["GET"]}}],"collection":[{"href":"https:\/\/www.monzalecco.lombardia.cisl.it\/index.php?rest_route=\/wp\/v2\/posts"}],"about":[{"href":"https:\/\/www.monzalecco.lombardia.cisl.it\/index.php?rest_route=\/wp\/v2\/types\/post"}],"author":[{"embeddable":true,"href":"https:\/\/www.monzalecco.lombardia.cisl.it\/index.php?rest_route=\/wp\/v2\/users\/5"}],"replies":[{"embeddable":true,"href":"https:\/\/www.monzalecco.lombardia.cisl.it\/index.php?rest_route=%2Fwp%2Fv2%2Fcomments&post=7662"}],"version-history":[{"count":3,"href":"https:\/\/www.monzalecco.lombardia.cisl.it\/index.php?rest_route=\/wp\/v2\/posts\/7662\/revisions"}],"predecessor-version":[{"id":7665,"href":"https:\/\/www.monzalecco.lombardia.cisl.it\/index.php?rest_route=\/wp\/v2\/posts\/7662\/revisions\/7665"}],"wp:featuredmedia":[{"embeddable":true,"href":"https:\/\/www.monzalecco.lombardia.cisl.it\/index.php?rest_route=\/wp\/v2\/media\/3383"}],"wp:attachment":[{"href":"https:\/\/www.monzalecco.lombardia.cisl.it\/index.php?rest_route=%2Fwp%2Fv2%2Fmedia&parent=7662"}],"wp:term":[{"taxonomy":"category","embeddable":true,"href":"https:\/\/www.monzalecco.lombardia.cisl.it\/index.php?rest_route=%2Fwp%2Fv2%2Fcategories&post=7662"},{"taxonomy":"post_tag","embeddable":true,"href":"https:\/\/www.monzalecco.lombardia.cisl.it\/index.php?rest_route=%2Fwp%2Fv2%2Ftags&post=7662"}],"curies":[{"name":"wp","href":"https:\/\/api.w.org\/{rel}","templated":true}]}}