{"id":7712,"date":"2020-06-08T16:10:40","date_gmt":"2020-06-08T14:10:40","guid":{"rendered":"https:\/\/www.monzalecco.lombardia.cisl.it\/?p=7712"},"modified":"2020-06-08T16:12:08","modified_gmt":"2020-06-08T14:12:08","slug":"inquilini-aler-verifica-requisiti","status":"publish","type":"post","link":"https:\/\/www.monzalecco.lombardia.cisl.it\/?p=7712","title":{"rendered":"Inquilini Aler, anagrafe per la verifica requisiti"},"content":{"rendered":"<p>Entro il 31 luglio gli inquilini delle case Aler dovranno presentare l&#8217;anagrafe 2020. \u00abSi tratta &#8211; spiega Giulio Oreggia, Sicet Mbl &#8211; della periodica verifica dei requisiti reddituali e occupazionali degli inquilini. La documentazione \u00e8 indispensabile per verificare se sussiste ancora il diritto al mantenimento della casa oppure se sono stati superati i parametri necessari. In questo modo, l&#8217;inquilino pu\u00f2 vedersi ridotto il canone se le sue condizioni socio-economiche sono peggiorate rispetto all&#8217;anno precedente oppure pu\u00f2 essere mantenuto uguale se le condizioni non sono mutate Qualora invece la situazione \u00e8 migliorata potrebbe decadere il diritto alla casa popolare e l&#8217;inquilino pu\u00f2 accedere al normale mercato immobiliare\u00bb.<\/p>\n<p>Chi avesse bisogno di consulenza, pu\u00f2 rivolgersi al Sicet che, in collaborazione con il Caf Cisl, pu\u00f2 aiutare nella compilazione e nella presentazione della dichiarazione.<\/p>\n<p>Ecco i documenti da portare in copia per la compilazione dell&#8217;anagrafe:<br \/>\n1. Doc. di identit\u00e0 e codice fiscale di tutti i residenti nell&#8217;alloggio<br \/>\n2. Isee e Dsu 2020<\/p>\n<p><strong>Redditi 2018<\/strong><br \/>\n1. Modello 730 e\/o Modello Unico e\/o Certificazione Unica di tutti i<br \/>\ncomponenti del nucleo familiare con reddito.<br \/>\n2. Certificazioni e\/o altra documentazione relativa a compensi, indennit\u00e0, trattamenti previdenziali e assistenziali, redditi esenti ai fini IRPEF,<br \/>\nredditi prodotti all\u2019estero, borse e\/o assegni di studio, assegni di<br \/>\nmantenimento per coniuge e figli, ecc.<\/p>\n<p><strong>Patrimonio mobiliare e immobiliare al 31\/12\/2018<\/strong><br \/>\n1. Depositi bancari e\/o postali, libretti, titoli di stato, obbligazioni, azioni, Bot, Cct, buoni fruttiferi, ecc, anche se detenuti all\u2019estero<br \/>\n2. Conto corrente, conto deposito, deposito vincolato, ecc.<br \/>\n3. Giacenza media conto corrente bancario e postale<br \/>\n4. Certificati catastali, atti notarili di compravendita, successioni e\/o altra documentazione sul patrimonio immobiliare, anche se detenuto all\u2019estero<\/p>\n<p><strong>Invalidit\u00e0<\/strong><br \/>\n1. Certificati di invalidit\u00e0<br \/>\n2. Eventuali spese pagate per il ricovero in strutture residenziali<br \/>\n3. Eventuali spese sostenute per l\u2019assistenza personale<\/p>\n<p><strong>Targa o estremi di registrazione al Pra<\/strong><br \/>\n1. Autoveicoli<br \/>\n2. Motoveicoli di cilindrata pari o superiore a 500 cc<br \/>\n3. Navi e imbarcazioni da diporto.<\/p>\n<p><strong>Per prendere l&#8217;appuntamento per la consegna dei documenti<\/strong><br \/>\n&#8211; Sede di Monza: tel. 039 2399259, 331 808 8546; \u00a0<a href=\"mailto:massironi.andrea78@gmail.com\">massironi.andrea78@gmail.com<\/a><br \/>\n-Sede Lecco: tel. 0341 275569; <a href=\"mailto:sicet.lecco@cisl.it\">sicet.lecco@cisl.it<\/a><\/p>\n<p><strong>Recapiti Sicet operativi (Emergenza Covid-19)<\/strong><\/p>\n<ul>\n<li>Monza<br \/>\nVia Dante, 17<br \/>\nTel. 039 2399259<br \/>\nMarted\u00ec ore 15\/18.30<br \/>\nMercoled\u00ec ore 15\/18.30<br \/>\nVenerd\u00ec ore 09.30\/12<\/li>\n<li>Carate<br \/>\nVia IV Novembre, 9<br \/>\nTel. 0362 992365<br \/>\nGioved\u00ec ore 17\/18.30<\/li>\n<li>Vimercate<br \/>\nVia Rota,<br \/>\nTel. 039 2399350<br \/>\nLuned\u00ec ore 17\/18.30<\/li>\n<li>Seregno<br \/>\nVia Monsignor Cattaneo 23<br \/>\ntel. 0362 230080<br \/>\nMarted\u00ec ore 15\/18.30<\/li>\n<li>Cesano Maderno<br \/>\nVia Strada, 2\/B<br \/>\nTel. 0362 501501<br \/>\nLuned\u00ec ore 10\/11<\/li>\n<li>Brugherio<br \/>\nVia Italia, 62<br \/>\nTel. 039 2399295<br \/>\nGioved\u00ec ore 09\/13<\/li>\n<li>Lecco<br \/>\nVia Besonda Inferiore, 11<br \/>\nTel. 0341 275569<br \/>\nGioved\u00ec ore 9\/13, ore 14.30\/18<\/li>\n<li>Barzan\u00f2<br \/>\nVia Pirovano, 42<br \/>\nTel. 039 956653<br \/>\nMarted\u00ec ore 15\/18<\/li>\n<li>Merate<br \/>\nVia Trento, 10<br \/>\nTel. 039 9905239<br \/>\nLuned\u00ec ore 10.30\/12<\/li>\n<\/ul>\n<p>&nbsp;<\/p>\n","protected":false},"excerpt":{"rendered":"<p>Entro il 31 luglio gli inquilini delle case Aler dovranno presentare l&#8217;anagrafe 2020. \u00abSi tratta &#8211; spiega Giulio Oreggia, Sicet Mbl &#8211; della periodica verifica dei requisiti reddituali e occupazionali degli inquilini. La documentazione \u00e8 indispensabile per verificare se sussiste ancora il diritto al mantenimento della casa oppure se sono stati superati i parametri necessari. [&hellip;]<\/p>\n","protected":false},"author":5,"featured_media":4312,"comment_status":"closed","ping_status":"open","sticky":false,"template":"","format":"standard","meta":{"footnotes":""},"categories":[1],"tags":[561,562,277,375],"class_list":{"0":"post-7712","1":"post","2":"type-post","3":"status-publish","4":"format-standard","5":"has-post-thumbnail","7":"category-notizie","8":"tag-aler","9":"tag-caf","10":"tag-inquilini","11":"tag-sicet","12":"czr-hentry"},"_links":{"self":[{"href":"https:\/\/www.monzalecco.lombardia.cisl.it\/index.php?rest_route=\/wp\/v2\/posts\/7712","targetHints":{"allow":["GET"]}}],"collection":[{"href":"https:\/\/www.monzalecco.lombardia.cisl.it\/index.php?rest_route=\/wp\/v2\/posts"}],"about":[{"href":"https:\/\/www.monzalecco.lombardia.cisl.it\/index.php?rest_route=\/wp\/v2\/types\/post"}],"author":[{"embeddable":true,"href":"https:\/\/www.monzalecco.lombardia.cisl.it\/index.php?rest_route=\/wp\/v2\/users\/5"}],"replies":[{"embeddable":true,"href":"https:\/\/www.monzalecco.lombardia.cisl.it\/index.php?rest_route=%2Fwp%2Fv2%2Fcomments&post=7712"}],"version-history":[{"count":2,"href":"https:\/\/www.monzalecco.lombardia.cisl.it\/index.php?rest_route=\/wp\/v2\/posts\/7712\/revisions"}],"predecessor-version":[{"id":7714,"href":"https:\/\/www.monzalecco.lombardia.cisl.it\/index.php?rest_route=\/wp\/v2\/posts\/7712\/revisions\/7714"}],"wp:featuredmedia":[{"embeddable":true,"href":"https:\/\/www.monzalecco.lombardia.cisl.it\/index.php?rest_route=\/wp\/v2\/media\/4312"}],"wp:attachment":[{"href":"https:\/\/www.monzalecco.lombardia.cisl.it\/index.php?rest_route=%2Fwp%2Fv2%2Fmedia&parent=7712"}],"wp:term":[{"taxonomy":"category","embeddable":true,"href":"https:\/\/www.monzalecco.lombardia.cisl.it\/index.php?rest_route=%2Fwp%2Fv2%2Fcategories&post=7712"},{"taxonomy":"post_tag","embeddable":true,"href":"https:\/\/www.monzalecco.lombardia.cisl.it\/index.php?rest_route=%2Fwp%2Fv2%2Ftags&post=7712"}],"curies":[{"name":"wp","href":"https:\/\/api.w.org\/{rel}","templated":true}]}}