{"id":7719,"date":"2020-06-10T12:12:05","date_gmt":"2020-06-10T10:12:05","guid":{"rendered":"https:\/\/www.monzalecco.lombardia.cisl.it\/?p=7719"},"modified":"2020-06-10T12:12:05","modified_gmt":"2020-06-10T10:12:05","slug":"commercio-il-covid-19-colpisce-ancora","status":"publish","type":"post","link":"https:\/\/www.monzalecco.lombardia.cisl.it\/?p=7719","title":{"rendered":"Commercio, il Covid-19 colpisce ancora"},"content":{"rendered":"<p>Nel settore del commercio si starebbe preparando la tempesta perfetta. Un combinato di mancanza di entrate per le aziende, scarsi fondi per gli ammortizzatori sociali e lavoratori senza entrate. Una situazione paradossale che potrebbe investire il comparto nelle prossime settimane. L\u2019allarme \u00e8 lanciato in questi giorni dalla Fisascat Cisl Mbl.<\/p>\n<p>Tutto nasce dalla fine della possibilit\u00e0 di attivare la cassa integrazione con la motivazione del coronavirus. Un\u2019ammortizzatore sociale, quest\u2019ultimo, che poteva godere di alcuni vantaggi rispetto a quelli ordinari. I datori di lavoro sono quindi ora costretti a fare ricorso ai normali ammortizzatori sociali. Molti piccoli imprenditori per\u00f2 non hanno i fondi richiesti dalla recente normativa per anticipare i fondi. Allo stesso tempo, lo stesso Fis (Fondo di integrazione salariale, strumento simile alla cig previsto per il comparto servizi) rischia di non avere fondi per tutte le imprese essendo stato creato per crisi di singole aziende e non per crisi di un intero settore.<\/p>\n<p>\u00abQuesto quadro \u2013 spiega Francesco Barazzetta, Fisacat Cisl Mbl \u2013 \u00e8 ulteriormente complicato dal fatto che la maggior parte degli esercizi commerciali non ha ripreso le attivit\u00e0 ai ritmi pre-coronavirus perch\u00e9 manca la liquidit\u00e0 e perch\u00e9 le norme sanitarie impediscono l\u2019accesso pieno dei clienti ai locali. Quindi i commercianti sono in difficolt\u00e0. Il rischio \u00e8 che con la fine della moratoria dei licenziamenti il 17 agosto prendano il via riorganizzazioni aziendali che possano sfociare anche in licenziamenti\u00bb.<\/p>\n<p>I lavoratori quindi potrebbero subirebbe, dopo il danno degli ammortizzatori sociali con pagamenti spesso ritardati degli assegni, la beffa di rimanere senza entrate o, addirittura, di perdere il posto.<\/p>\n<p>\u00abA settembre e a ottobre &#8211; conclude Barazzetta &#8211; \u00e8 prevista la possibilit\u00e0 di chiedere nuovamente un periodo di cig giustificata dal Covid-19. Nel frattempo, per\u00f2, si \u00e8 creato un periodo \u201cmorto\u201d da met\u00e0 giugno a fine agosto In questi mesi si rischia di non avere retribuzioni n\u00e9 ammortizzatori sociali (o di averli ridotti). Come sindacato non possiamo che lanciare l\u2019allarme perch\u00e9 questa situazione potrebbe causare forti tensioni sociali. \u00c8 necessario intervenire subito per far fronte all\u2019impasse\u00bb.<\/p>\n","protected":false},"excerpt":{"rendered":"<p>Nel settore del commercio si starebbe preparando la tempesta perfetta. Un combinato di mancanza di entrate per le aziende, scarsi fondi per gli ammortizzatori sociali e lavoratori senza entrate. Una situazione paradossale che potrebbe investire il comparto nelle prossime settimane. L\u2019allarme \u00e8 lanciato in questi giorni dalla Fisascat Cisl Mbl. Tutto nasce dalla fine della [&hellip;]<\/p>\n","protected":false},"author":5,"featured_media":6892,"comment_status":"closed","ping_status":"open","sticky":false,"template":"","format":"standard","meta":{"footnotes":""},"categories":[1],"tags":[223,527,101],"class_list":{"0":"post-7719","1":"post","2":"type-post","3":"status-publish","4":"format-standard","5":"has-post-thumbnail","7":"category-notizie","8":"tag-commercio","9":"tag-covid-19","10":"tag-fisascat","11":"czr-hentry"},"_links":{"self":[{"href":"https:\/\/www.monzalecco.lombardia.cisl.it\/index.php?rest_route=\/wp\/v2\/posts\/7719","targetHints":{"allow":["GET"]}}],"collection":[{"href":"https:\/\/www.monzalecco.lombardia.cisl.it\/index.php?rest_route=\/wp\/v2\/posts"}],"about":[{"href":"https:\/\/www.monzalecco.lombardia.cisl.it\/index.php?rest_route=\/wp\/v2\/types\/post"}],"author":[{"embeddable":true,"href":"https:\/\/www.monzalecco.lombardia.cisl.it\/index.php?rest_route=\/wp\/v2\/users\/5"}],"replies":[{"embeddable":true,"href":"https:\/\/www.monzalecco.lombardia.cisl.it\/index.php?rest_route=%2Fwp%2Fv2%2Fcomments&post=7719"}],"version-history":[{"count":1,"href":"https:\/\/www.monzalecco.lombardia.cisl.it\/index.php?rest_route=\/wp\/v2\/posts\/7719\/revisions"}],"predecessor-version":[{"id":7720,"href":"https:\/\/www.monzalecco.lombardia.cisl.it\/index.php?rest_route=\/wp\/v2\/posts\/7719\/revisions\/7720"}],"wp:featuredmedia":[{"embeddable":true,"href":"https:\/\/www.monzalecco.lombardia.cisl.it\/index.php?rest_route=\/wp\/v2\/media\/6892"}],"wp:attachment":[{"href":"https:\/\/www.monzalecco.lombardia.cisl.it\/index.php?rest_route=%2Fwp%2Fv2%2Fmedia&parent=7719"}],"wp:term":[{"taxonomy":"category","embeddable":true,"href":"https:\/\/www.monzalecco.lombardia.cisl.it\/index.php?rest_route=%2Fwp%2Fv2%2Fcategories&post=7719"},{"taxonomy":"post_tag","embeddable":true,"href":"https:\/\/www.monzalecco.lombardia.cisl.it\/index.php?rest_route=%2Fwp%2Fv2%2Ftags&post=7719"}],"curies":[{"name":"wp","href":"https:\/\/api.w.org\/{rel}","templated":true}]}}