{"id":7738,"date":"2020-06-11T08:29:38","date_gmt":"2020-06-11T06:29:38","guid":{"rendered":"https:\/\/www.monzalecco.lombardia.cisl.it\/?p=7738"},"modified":"2020-06-11T08:29:38","modified_gmt":"2020-06-11T06:29:38","slug":"addio-maggi-catene-e-husqvarna","status":"publish","type":"post","link":"https:\/\/www.monzalecco.lombardia.cisl.it\/?p=7738","title":{"rendered":"Addio Maggi Catene e Husqvarna"},"content":{"rendered":"<p>Due realt\u00e0 storiche del tessuto economico lecchese hanno chiuso definitivamente i battenti. Terminata la cassa integrazione, Maggi Catene di Olginate e la Husqvarna di Valmadrera hanno licenziato i dipendenti rimasti e hanno messo fine alle loro attivit\u00e0. \u00abSi chiude un capitolo importante del nostro territorio &#8211; osserva Pierangelo Arnoldi, Fim Cisl Mbl -. Stiamo parlando di due societ\u00e0 che hanno rappresentato fili importanti dell\u2019ordito produttivo lecchese. La loro scomparsa non tocca solo i lavoratori, ma tutta la Provincia\u00bb.<\/p>\n<p>Fondata nel 1925, la Maggi Catene faceva capo all\u2019omonima famiglia. Una famiglia importante che con Giovanni Maggi \u00e8 stata ai vertici di Confindustria Lecco, per poi assumere incarichi importanti in Confindustria. I primi segnali delle difficolt\u00e0 vissute si sono avuti nel 2017 poi, in un anno e mezzo, la crisi \u00e8 precipitata ed \u00e8 culminata con il fallimento. Nell\u2019azienda, produttrice di catene da neve, erano rimasti cinquanta lavoratori. A loro era stata accordato un anno di cassa integrazione speciale, terminato appunto nei giorni scorsi. \u00abAbbiamo cercato di estendere il periodo di \u201ccassa\u201d applicando la cig ordinaria per Covid-19. Il curatore<br \/>\nsi \u00e8 per\u00f2 opposto cos\u00ec sono partiti i licenziamenti. Quattro o cinque dipendenti potranno andare a breve in pensione, per gli altri (per cui \u00e8 prevista la Naspi) si prospetta un futuro difficile in un contesto economico reso pi\u00f9 complicato dalla pandemia di coronavirus\u00bb.<\/p>\n<p>Non troppo dissimile, la situazione all\u2019Husqvarna di Valmadrera. Per i dipendenti dell\u2019azienda produttrice di tosaerba, la crisi era iniziata lo scorso anno quando la casa-madre svedese aveva annunciato lo stop della produzione e il mantenimento nel sito lecchese dei soli uffici amministrativi e commerciali. Per 80 lavoratori, tra i quali molte donne e moltissimi ultracinquantenni, si \u00e8 aperto cos\u00ec un periodo difficilissimo che, dopo la cassa integrazione speciale, ha portato al licenziamento (e alla Naspi). \u00abIl contesto attuale \u2013 osserva Pierangelo Arnoldi, Fim Cisl Mbl &#8211; non favorisce certo il loro ricollocamento. La crisi economica e il blocco degli spostamenti determinati dalla pandemia hanno impedito in questi ultimi mesi una seria ricerca di un posto di lavoro. A ci\u00f2 va aggiunto che da febbraio in avanti, proprio a causa del Covid-19, sono stati anche fermati i corsi di riqualificazione professionale della provincia. Una difficolt\u00e0 che si \u00e8 sommata alle altre difficolt\u00e0\u00bb.<\/p>\n","protected":false},"excerpt":{"rendered":"<p>Due realt\u00e0 storiche del tessuto economico lecchese hanno chiuso definitivamente i battenti. Terminata la cassa integrazione, Maggi Catene di Olginate e la Husqvarna di Valmadrera hanno licenziato i dipendenti rimasti e hanno messo fine alle loro attivit\u00e0. \u00abSi chiude un capitolo importante del nostro territorio &#8211; osserva Pierangelo Arnoldi, Fim Cisl Mbl -. Stiamo parlando [&hellip;]<\/p>\n","protected":false},"author":5,"featured_media":5308,"comment_status":"closed","ping_status":"open","sticky":false,"template":"","format":"standard","meta":{"footnotes":""},"categories":[1],"tags":[309,305],"class_list":{"0":"post-7738","1":"post","2":"type-post","3":"status-publish","4":"format-standard","5":"has-post-thumbnail","7":"category-notizie","8":"tag-husqvarna","9":"tag-maggi-catene","10":"czr-hentry"},"_links":{"self":[{"href":"https:\/\/www.monzalecco.lombardia.cisl.it\/index.php?rest_route=\/wp\/v2\/posts\/7738","targetHints":{"allow":["GET"]}}],"collection":[{"href":"https:\/\/www.monzalecco.lombardia.cisl.it\/index.php?rest_route=\/wp\/v2\/posts"}],"about":[{"href":"https:\/\/www.monzalecco.lombardia.cisl.it\/index.php?rest_route=\/wp\/v2\/types\/post"}],"author":[{"embeddable":true,"href":"https:\/\/www.monzalecco.lombardia.cisl.it\/index.php?rest_route=\/wp\/v2\/users\/5"}],"replies":[{"embeddable":true,"href":"https:\/\/www.monzalecco.lombardia.cisl.it\/index.php?rest_route=%2Fwp%2Fv2%2Fcomments&post=7738"}],"version-history":[{"count":1,"href":"https:\/\/www.monzalecco.lombardia.cisl.it\/index.php?rest_route=\/wp\/v2\/posts\/7738\/revisions"}],"predecessor-version":[{"id":7739,"href":"https:\/\/www.monzalecco.lombardia.cisl.it\/index.php?rest_route=\/wp\/v2\/posts\/7738\/revisions\/7739"}],"wp:featuredmedia":[{"embeddable":true,"href":"https:\/\/www.monzalecco.lombardia.cisl.it\/index.php?rest_route=\/wp\/v2\/media\/5308"}],"wp:attachment":[{"href":"https:\/\/www.monzalecco.lombardia.cisl.it\/index.php?rest_route=%2Fwp%2Fv2%2Fmedia&parent=7738"}],"wp:term":[{"taxonomy":"category","embeddable":true,"href":"https:\/\/www.monzalecco.lombardia.cisl.it\/index.php?rest_route=%2Fwp%2Fv2%2Fcategories&post=7738"},{"taxonomy":"post_tag","embeddable":true,"href":"https:\/\/www.monzalecco.lombardia.cisl.it\/index.php?rest_route=%2Fwp%2Fv2%2Ftags&post=7738"}],"curies":[{"name":"wp","href":"https:\/\/api.w.org\/{rel}","templated":true}]}}