{"id":7740,"date":"2020-06-11T10:29:13","date_gmt":"2020-06-11T08:29:13","guid":{"rendered":"https:\/\/www.monzalecco.lombardia.cisl.it\/?p=7740"},"modified":"2020-06-11T14:49:29","modified_gmt":"2020-06-11T12:49:29","slug":"sanita-pubblica-piu-investimenti","status":"publish","type":"post","link":"https:\/\/www.monzalecco.lombardia.cisl.it\/?p=7740","title":{"rendered":"\u00abSanit\u00e0 pubblica pi\u00f9 investimenti\u00bb"},"content":{"rendered":"<p>Distanziamento fisico, mascherine, bandiere e moltissima determinazione. Stamattina Cgil, Cisl e Uil di Monza e Brianza, con le rispettive categorie dei pensionati e della funzione pubblica, hanno organizzato un <em>flash mob<\/em> davanti alla sede di Ats Brianza (agenzia sanitaria). Le organizzazioni sindacali ribadiscono le loro richieste per consistenti investimenti nella sanit\u00e0 pubblica e in strutture territoriali, una per ogni ambito.<\/p>\n<p>L\u2019epidemia da Covid-19 e i drammatici dati registrati in Lombardia confermano la necessit\u00e0 di cambiare direzione di marcia in sanit\u00e0. Il modello organizzativo della sanit\u00e0 lombarda non ha funzionato. Intorno alle eccellenze ospedaliere Regione Lombardia ha lasciato il vuoto, con il risultato di mettere in condizioni di grave difficolt\u00e0 anche gli stessi ospedali e trasformare le Rsa in ospedali.<\/p>\n<p>La drammatica situazione della nostra regione era gi\u00e0 scritta nel definanziamento del fondo nazionale e soprattutto nelle scelte organizzative regionali degli ultimi 25 anni. \u00abLo chiediamo da anni, inascoltati: strutture polifunzionali e multiprofessionali che seguano i cittadini in percorsi di salute e non solo nella cura &#8211; spirgano i responsabili sindacali -. Prevenzione e sorveglianza sanitaria, assistenza domiciliare, integrazione con i servizi sociali, infermieri di comunit\u00e0 e nuovo rapporto con i medici di base. Cio\u00e8 quanto \u00e8 mancato alla sanit\u00e0 lombarda in questi ultimi mesi\u00bb.<\/p>\n","protected":false},"excerpt":{"rendered":"<p>Distanziamento fisico, mascherine, bandiere e moltissima determinazione. Stamattina Cgil, Cisl e Uil di Monza e Brianza, con le rispettive categorie dei pensionati e della funzione pubblica, hanno organizzato un flash mob davanti alla sede di Ats Brianza (agenzia sanitaria). Le organizzazioni sindacali ribadiscono le loro richieste per consistenti investimenti nella sanit\u00e0 pubblica e in strutture [&hellip;]<\/p>\n","protected":false},"author":5,"featured_media":7741,"comment_status":"closed","ping_status":"open","sticky":false,"template":"","format":"standard","meta":{"footnotes":""},"categories":[1],"tags":[563,353],"class_list":{"0":"post-7740","1":"post","2":"type-post","3":"status-publish","4":"format-standard","5":"has-post-thumbnail","7":"category-notizie","8":"tag-ats-monza","9":"tag-sanita-pubblica","10":"czr-hentry"},"_links":{"self":[{"href":"https:\/\/www.monzalecco.lombardia.cisl.it\/index.php?rest_route=\/wp\/v2\/posts\/7740","targetHints":{"allow":["GET"]}}],"collection":[{"href":"https:\/\/www.monzalecco.lombardia.cisl.it\/index.php?rest_route=\/wp\/v2\/posts"}],"about":[{"href":"https:\/\/www.monzalecco.lombardia.cisl.it\/index.php?rest_route=\/wp\/v2\/types\/post"}],"author":[{"embeddable":true,"href":"https:\/\/www.monzalecco.lombardia.cisl.it\/index.php?rest_route=\/wp\/v2\/users\/5"}],"replies":[{"embeddable":true,"href":"https:\/\/www.monzalecco.lombardia.cisl.it\/index.php?rest_route=%2Fwp%2Fv2%2Fcomments&post=7740"}],"version-history":[{"count":2,"href":"https:\/\/www.monzalecco.lombardia.cisl.it\/index.php?rest_route=\/wp\/v2\/posts\/7740\/revisions"}],"predecessor-version":[{"id":7744,"href":"https:\/\/www.monzalecco.lombardia.cisl.it\/index.php?rest_route=\/wp\/v2\/posts\/7740\/revisions\/7744"}],"wp:featuredmedia":[{"embeddable":true,"href":"https:\/\/www.monzalecco.lombardia.cisl.it\/index.php?rest_route=\/wp\/v2\/media\/7741"}],"wp:attachment":[{"href":"https:\/\/www.monzalecco.lombardia.cisl.it\/index.php?rest_route=%2Fwp%2Fv2%2Fmedia&parent=7740"}],"wp:term":[{"taxonomy":"category","embeddable":true,"href":"https:\/\/www.monzalecco.lombardia.cisl.it\/index.php?rest_route=%2Fwp%2Fv2%2Fcategories&post=7740"},{"taxonomy":"post_tag","embeddable":true,"href":"https:\/\/www.monzalecco.lombardia.cisl.it\/index.php?rest_route=%2Fwp%2Fv2%2Ftags&post=7740"}],"curies":[{"name":"wp","href":"https:\/\/api.w.org\/{rel}","templated":true}]}}