{"id":7777,"date":"2020-06-16T15:09:20","date_gmt":"2020-06-16T13:09:20","guid":{"rendered":"https:\/\/www.monzalecco.lombardia.cisl.it\/?p=7777"},"modified":"2020-06-16T15:09:20","modified_gmt":"2020-06-16T13:09:20","slug":"sanita-pubblica-serve-un-nuovo-patto","status":"publish","type":"post","link":"https:\/\/www.monzalecco.lombardia.cisl.it\/?p=7777","title":{"rendered":"Sanit\u00e0 pubblica serve un nuovo Patto"},"content":{"rendered":"<div id='gallery-1' class='czr-gallery row flex-row czr-gallery-style gallery galleryid-7777 gallery-columns-3 gallery-size-thumbnail'><figure class='gallery-item col col-auto'>\r\n                        <div class='gallery-icon portrait czr-gallery-icon'>\r\n                              <a href=https:\/\/www.monzalecco.lombardia.cisl.it\/?attachment_id=7778 class=\"bg-link\"><\/a><img loading=\"lazy\" decoding=\"async\" width=\"150\" height=\"150\" src=\"https:\/\/www.monzalecco.lombardia.cisl.it\/wp-content\/uploads\/2020\/06\/IMG-20200616-WA0000-150x150.jpg\" class=\"attachment-thumbnail size-thumbnail\" alt=\"\" sizes=\"auto, (min-width: 1200px) 255px, (min-width: 992px) 210px, (min-width: 576px) 150px, calc( 50vw - 30px )\" srcset=\"https:\/\/www.monzalecco.lombardia.cisl.it\/wp-content\/uploads\/2020\/06\/IMG-20200616-WA0000-150x150.jpg 150w, https:\/\/www.monzalecco.lombardia.cisl.it\/wp-content\/uploads\/2020\/06\/IMG-20200616-WA0000-510x510.jpg 510w\" \/><div class=\"post-action btn btn-skin-dark-shaded inverted\"><a href=\"https:\/\/www.monzalecco.lombardia.cisl.it\/wp-content\/uploads\/2020\/06\/IMG-20200616-WA0000.jpg\" class=\"icn-expand\" data-lb-type=\"grouped-gallery\"><\/a><\/div>\r\n                        <\/div><\/figure><figure class='gallery-item col col-auto'>\r\n                        <div class='gallery-icon portrait czr-gallery-icon'>\r\n                              <a href=https:\/\/www.monzalecco.lombardia.cisl.it\/?attachment_id=7779 class=\"bg-link\"><\/a><img loading=\"lazy\" decoding=\"async\" width=\"150\" height=\"150\" src=\"https:\/\/www.monzalecco.lombardia.cisl.it\/wp-content\/uploads\/2020\/06\/IMG-20200616-WA0001-150x150.jpg\" class=\"attachment-thumbnail size-thumbnail\" alt=\"\" sizes=\"auto, (min-width: 1200px) 255px, (min-width: 992px) 210px, (min-width: 576px) 150px, calc( 50vw - 30px )\" srcset=\"https:\/\/www.monzalecco.lombardia.cisl.it\/wp-content\/uploads\/2020\/06\/IMG-20200616-WA0001-150x150.jpg 150w, https:\/\/www.monzalecco.lombardia.cisl.it\/wp-content\/uploads\/2020\/06\/IMG-20200616-WA0001-510x510.jpg 510w\" \/><div class=\"post-action btn btn-skin-dark-shaded inverted\"><a href=\"https:\/\/www.monzalecco.lombardia.cisl.it\/wp-content\/uploads\/2020\/06\/IMG-20200616-WA0001.jpg\" class=\"icn-expand\" data-lb-type=\"grouped-gallery\"><\/a><\/div>\r\n                        <\/div><\/figure><figure class='gallery-item col col-auto'>\r\n                        <div class='gallery-icon portrait czr-gallery-icon'>\r\n                              <a href=https:\/\/www.monzalecco.lombardia.cisl.it\/?attachment_id=7780 class=\"bg-link\"><\/a><img loading=\"lazy\" decoding=\"async\" width=\"150\" height=\"150\" src=\"https:\/\/www.monzalecco.lombardia.cisl.it\/wp-content\/uploads\/2020\/06\/IMG-20200616-WA0002-150x150.jpg\" class=\"attachment-thumbnail size-thumbnail\" alt=\"\" sizes=\"auto, (min-width: 1200px) 255px, (min-width: 992px) 210px, (min-width: 576px) 150px, calc( 50vw - 30px )\" srcset=\"https:\/\/www.monzalecco.lombardia.cisl.it\/wp-content\/uploads\/2020\/06\/IMG-20200616-WA0002-150x150.jpg 150w, https:\/\/www.monzalecco.lombardia.cisl.it\/wp-content\/uploads\/2020\/06\/IMG-20200616-WA0002-510x510.jpg 510w\" \/><div class=\"post-action btn btn-skin-dark-shaded inverted\"><a href=\"https:\/\/www.monzalecco.lombardia.cisl.it\/wp-content\/uploads\/2020\/06\/IMG-20200616-WA0002.jpg\" class=\"icn-expand\" data-lb-type=\"grouped-gallery\"><\/a><\/div>\r\n                        <\/div><\/figure><figure class='gallery-item col col-auto'>\r\n                        <div class='gallery-icon landscape czr-gallery-icon'>\r\n                              <a href=https:\/\/www.monzalecco.lombardia.cisl.it\/?attachment_id=7781 class=\"bg-link\"><\/a><img loading=\"lazy\" decoding=\"async\" width=\"150\" height=\"150\" src=\"https:\/\/www.monzalecco.lombardia.cisl.it\/wp-content\/uploads\/2020\/06\/IMG-20200616-WA0003-150x150.jpg\" class=\"attachment-thumbnail size-thumbnail\" alt=\"\" sizes=\"auto, (min-width: 1200px) 255px, (min-width: 992px) 210px, (min-width: 576px) 150px, calc( 50vw - 30px )\" srcset=\"https:\/\/www.monzalecco.lombardia.cisl.it\/wp-content\/uploads\/2020\/06\/IMG-20200616-WA0003-150x150.jpg 150w, https:\/\/www.monzalecco.lombardia.cisl.it\/wp-content\/uploads\/2020\/06\/IMG-20200616-WA0003-510x510.jpg 510w\" \/><div class=\"post-action btn btn-skin-dark-shaded inverted\"><a href=\"https:\/\/www.monzalecco.lombardia.cisl.it\/wp-content\/uploads\/2020\/06\/IMG-20200616-WA0003.jpg\" class=\"icn-expand\" data-lb-type=\"grouped-gallery\"><\/a><\/div>\r\n                        <\/div><\/figure><figure class='gallery-item col col-auto'>\r\n                        <div class='gallery-icon landscape czr-gallery-icon'>\r\n                              <a href=https:\/\/www.monzalecco.lombardia.cisl.it\/?attachment_id=7782 class=\"bg-link\"><\/a><img loading=\"lazy\" decoding=\"async\" width=\"150\" height=\"150\" src=\"https:\/\/www.monzalecco.lombardia.cisl.it\/wp-content\/uploads\/2020\/06\/IMG-20200616-WA0004-150x150.jpg\" class=\"attachment-thumbnail size-thumbnail\" alt=\"\" sizes=\"auto, (min-width: 1200px) 255px, (min-width: 992px) 210px, (min-width: 576px) 150px, calc( 50vw - 30px )\" srcset=\"https:\/\/www.monzalecco.lombardia.cisl.it\/wp-content\/uploads\/2020\/06\/IMG-20200616-WA0004-150x150.jpg 150w, https:\/\/www.monzalecco.lombardia.cisl.it\/wp-content\/uploads\/2020\/06\/IMG-20200616-WA0004-510x510.jpg 510w\" \/><div class=\"post-action btn btn-skin-dark-shaded inverted\"><a href=\"https:\/\/www.monzalecco.lombardia.cisl.it\/wp-content\/uploads\/2020\/06\/IMG-20200616-WA0004.jpg\" class=\"icn-expand\" data-lb-type=\"grouped-gallery\"><\/a><\/div>\r\n                        <\/div><\/figure><figure class='gallery-item col col-auto'>\r\n                        <div class='gallery-icon landscape czr-gallery-icon'>\r\n                              <a href=https:\/\/www.monzalecco.lombardia.cisl.it\/?attachment_id=7783 class=\"bg-link\"><\/a><img loading=\"lazy\" decoding=\"async\" width=\"150\" height=\"150\" src=\"https:\/\/www.monzalecco.lombardia.cisl.it\/wp-content\/uploads\/2020\/06\/IMG-20200616-WA0005-150x150.jpg\" class=\"attachment-thumbnail size-thumbnail\" alt=\"\" sizes=\"auto, (min-width: 1200px) 255px, (min-width: 992px) 210px, (min-width: 576px) 150px, calc( 50vw - 30px )\" srcset=\"https:\/\/www.monzalecco.lombardia.cisl.it\/wp-content\/uploads\/2020\/06\/IMG-20200616-WA0005-150x150.jpg 150w, https:\/\/www.monzalecco.lombardia.cisl.it\/wp-content\/uploads\/2020\/06\/IMG-20200616-WA0005-510x510.jpg 510w\" \/><div class=\"post-action btn btn-skin-dark-shaded inverted\"><a href=\"https:\/\/www.monzalecco.lombardia.cisl.it\/wp-content\/uploads\/2020\/06\/IMG-20200616-WA0005.jpg\" class=\"icn-expand\" data-lb-type=\"grouped-gallery\"><\/a><\/div>\r\n                        <\/div><\/figure><figure class='gallery-item col col-auto'>\r\n                        <div class='gallery-icon landscape czr-gallery-icon'>\r\n                              <a href=https:\/\/www.monzalecco.lombardia.cisl.it\/?attachment_id=7784 class=\"bg-link\"><\/a><img loading=\"lazy\" decoding=\"async\" width=\"150\" height=\"150\" src=\"https:\/\/www.monzalecco.lombardia.cisl.it\/wp-content\/uploads\/2020\/06\/IMG-20200616-WA0006-150x150.jpg\" class=\"attachment-thumbnail size-thumbnail\" alt=\"\" sizes=\"auto, (min-width: 1200px) 255px, (min-width: 992px) 210px, (min-width: 576px) 150px, calc( 50vw - 30px )\" srcset=\"https:\/\/www.monzalecco.lombardia.cisl.it\/wp-content\/uploads\/2020\/06\/IMG-20200616-WA0006-150x150.jpg 150w, https:\/\/www.monzalecco.lombardia.cisl.it\/wp-content\/uploads\/2020\/06\/IMG-20200616-WA0006-510x510.jpg 510w\" \/><div class=\"post-action btn btn-skin-dark-shaded inverted\"><a href=\"https:\/\/www.monzalecco.lombardia.cisl.it\/wp-content\/uploads\/2020\/06\/IMG-20200616-WA0006.jpg\" class=\"icn-expand\" data-lb-type=\"grouped-gallery\"><\/a><\/div>\r\n                        <\/div><\/figure><figure class='gallery-item col col-auto'>\r\n                        <div class='gallery-icon landscape czr-gallery-icon'>\r\n                              <a href=https:\/\/www.monzalecco.lombardia.cisl.it\/?attachment_id=7785 class=\"bg-link\"><\/a><img loading=\"lazy\" decoding=\"async\" width=\"150\" height=\"150\" src=\"https:\/\/www.monzalecco.lombardia.cisl.it\/wp-content\/uploads\/2020\/06\/IMG-20200616-WA0007-150x150.jpg\" class=\"attachment-thumbnail size-thumbnail\" alt=\"\" sizes=\"auto, (min-width: 1200px) 255px, (min-width: 992px) 210px, (min-width: 576px) 150px, calc( 50vw - 30px )\" srcset=\"https:\/\/www.monzalecco.lombardia.cisl.it\/wp-content\/uploads\/2020\/06\/IMG-20200616-WA0007-150x150.jpg 150w, https:\/\/www.monzalecco.lombardia.cisl.it\/wp-content\/uploads\/2020\/06\/IMG-20200616-WA0007-510x510.jpg 510w\" \/><div class=\"post-action btn btn-skin-dark-shaded inverted\"><a href=\"https:\/\/www.monzalecco.lombardia.cisl.it\/wp-content\/uploads\/2020\/06\/IMG-20200616-WA0007.jpg\" class=\"icn-expand\" data-lb-type=\"grouped-gallery\"><\/a><\/div>\r\n                        <\/div><\/figure><figure class='gallery-item col col-auto'>\r\n                        <div class='gallery-icon landscape czr-gallery-icon'>\r\n                              <a href=https:\/\/www.monzalecco.lombardia.cisl.it\/?attachment_id=7786 class=\"bg-link\"><\/a><img loading=\"lazy\" decoding=\"async\" width=\"150\" height=\"150\" src=\"https:\/\/www.monzalecco.lombardia.cisl.it\/wp-content\/uploads\/2020\/06\/IMG-20200616-WA0008-150x150.jpg\" class=\"attachment-thumbnail size-thumbnail\" alt=\"\" sizes=\"auto, (min-width: 1200px) 255px, (min-width: 992px) 210px, (min-width: 576px) 150px, calc( 50vw - 30px )\" srcset=\"https:\/\/www.monzalecco.lombardia.cisl.it\/wp-content\/uploads\/2020\/06\/IMG-20200616-WA0008-150x150.jpg 150w, https:\/\/www.monzalecco.lombardia.cisl.it\/wp-content\/uploads\/2020\/06\/IMG-20200616-WA0008-510x510.jpg 510w\" \/><div class=\"post-action btn btn-skin-dark-shaded inverted\"><a href=\"https:\/\/www.monzalecco.lombardia.cisl.it\/wp-content\/uploads\/2020\/06\/IMG-20200616-WA0008.jpg\" class=\"icn-expand\" data-lb-type=\"grouped-gallery\"><\/a><\/div>\r\n                        <\/div><\/figure><figure class='gallery-item col col-auto'>\r\n                        <div class='gallery-icon landscape czr-gallery-icon'>\r\n                              <a href=https:\/\/www.monzalecco.lombardia.cisl.it\/?attachment_id=7787 class=\"bg-link\"><\/a><img loading=\"lazy\" decoding=\"async\" width=\"150\" height=\"150\" src=\"https:\/\/www.monzalecco.lombardia.cisl.it\/wp-content\/uploads\/2020\/06\/IMG-20200616-WA0009-150x150.jpg\" class=\"attachment-thumbnail size-thumbnail\" alt=\"\" sizes=\"auto, (min-width: 1200px) 255px, (min-width: 992px) 210px, (min-width: 576px) 150px, calc( 50vw - 30px )\" srcset=\"https:\/\/www.monzalecco.lombardia.cisl.it\/wp-content\/uploads\/2020\/06\/IMG-20200616-WA0009-150x150.jpg 150w, https:\/\/www.monzalecco.lombardia.cisl.it\/wp-content\/uploads\/2020\/06\/IMG-20200616-WA0009-510x510.jpg 510w\" \/><div class=\"post-action btn btn-skin-dark-shaded inverted\"><a href=\"https:\/\/www.monzalecco.lombardia.cisl.it\/wp-content\/uploads\/2020\/06\/IMG-20200616-WA0009.jpg\" class=\"icn-expand\" data-lb-type=\"grouped-gallery\"><\/a><\/div>\r\n                        <\/div><\/figure><figure class='gallery-item col col-auto'>\r\n                        <div class='gallery-icon landscape czr-gallery-icon'>\r\n                              <a href=https:\/\/www.monzalecco.lombardia.cisl.it\/?attachment_id=7788 class=\"bg-link\"><\/a><img loading=\"lazy\" decoding=\"async\" width=\"150\" height=\"150\" src=\"https:\/\/www.monzalecco.lombardia.cisl.it\/wp-content\/uploads\/2020\/06\/IMG-20200616-WA0010-150x150.jpg\" class=\"attachment-thumbnail size-thumbnail\" alt=\"\" sizes=\"auto, (min-width: 1200px) 255px, (min-width: 992px) 210px, (min-width: 576px) 150px, calc( 50vw - 30px )\" srcset=\"https:\/\/www.monzalecco.lombardia.cisl.it\/wp-content\/uploads\/2020\/06\/IMG-20200616-WA0010-150x150.jpg 150w, https:\/\/www.monzalecco.lombardia.cisl.it\/wp-content\/uploads\/2020\/06\/IMG-20200616-WA0010-510x510.jpg 510w\" \/><div class=\"post-action btn btn-skin-dark-shaded inverted\"><a href=\"https:\/\/www.monzalecco.lombardia.cisl.it\/wp-content\/uploads\/2020\/06\/IMG-20200616-WA0010.jpg\" class=\"icn-expand\" data-lb-type=\"grouped-gallery\"><\/a><\/div>\r\n                        <\/div><\/figure><figure class='gallery-item col col-auto'>\r\n                        <div class='gallery-icon landscape czr-gallery-icon'>\r\n                              <a href=https:\/\/www.monzalecco.lombardia.cisl.it\/?attachment_id=7789 class=\"bg-link\"><\/a><img loading=\"lazy\" decoding=\"async\" width=\"150\" height=\"150\" src=\"https:\/\/www.monzalecco.lombardia.cisl.it\/wp-content\/uploads\/2020\/06\/IMG-20200616-WA0011-150x150.jpg\" class=\"attachment-thumbnail size-thumbnail\" alt=\"\" sizes=\"auto, (min-width: 1200px) 255px, (min-width: 992px) 210px, (min-width: 576px) 150px, calc( 50vw - 30px )\" srcset=\"https:\/\/www.monzalecco.lombardia.cisl.it\/wp-content\/uploads\/2020\/06\/IMG-20200616-WA0011-150x150.jpg 150w, https:\/\/www.monzalecco.lombardia.cisl.it\/wp-content\/uploads\/2020\/06\/IMG-20200616-WA0011-510x510.jpg 510w\" \/><div class=\"post-action btn btn-skin-dark-shaded inverted\"><a href=\"https:\/\/www.monzalecco.lombardia.cisl.it\/wp-content\/uploads\/2020\/06\/IMG-20200616-WA0011.jpg\" class=\"icn-expand\" data-lb-type=\"grouped-gallery\"><\/a><\/div>\r\n                        <\/div><\/figure><figure class='gallery-item col col-auto'>\r\n                        <div class='gallery-icon landscape czr-gallery-icon'>\r\n                              <a href=https:\/\/www.monzalecco.lombardia.cisl.it\/?attachment_id=7790 class=\"bg-link\"><\/a><img loading=\"lazy\" decoding=\"async\" width=\"150\" height=\"150\" src=\"https:\/\/www.monzalecco.lombardia.cisl.it\/wp-content\/uploads\/2020\/06\/IMG-20200616-WA0012-150x150.jpg\" class=\"attachment-thumbnail size-thumbnail\" alt=\"\" sizes=\"auto, (min-width: 1200px) 255px, (min-width: 992px) 210px, (min-width: 576px) 150px, calc( 50vw - 30px )\" srcset=\"https:\/\/www.monzalecco.lombardia.cisl.it\/wp-content\/uploads\/2020\/06\/IMG-20200616-WA0012-150x150.jpg 150w, https:\/\/www.monzalecco.lombardia.cisl.it\/wp-content\/uploads\/2020\/06\/IMG-20200616-WA0012-510x510.jpg 510w\" \/><div class=\"post-action btn btn-skin-dark-shaded inverted\"><a href=\"https:\/\/www.monzalecco.lombardia.cisl.it\/wp-content\/uploads\/2020\/06\/IMG-20200616-WA0012.jpg\" class=\"icn-expand\" data-lb-type=\"grouped-gallery\"><\/a><\/div>\r\n                        <\/div><\/figure><figure class='gallery-item col col-auto'>\r\n                        <div class='gallery-icon portrait czr-gallery-icon'>\r\n                              <a href=https:\/\/www.monzalecco.lombardia.cisl.it\/?attachment_id=7791 class=\"bg-link\"><\/a><img loading=\"lazy\" decoding=\"async\" width=\"150\" height=\"150\" src=\"https:\/\/www.monzalecco.lombardia.cisl.it\/wp-content\/uploads\/2020\/06\/IMG-20200616-WA0013-150x150.jpg\" class=\"attachment-thumbnail size-thumbnail\" alt=\"\" sizes=\"auto, (min-width: 1200px) 255px, (min-width: 992px) 210px, (min-width: 576px) 150px, calc( 50vw - 30px )\" srcset=\"https:\/\/www.monzalecco.lombardia.cisl.it\/wp-content\/uploads\/2020\/06\/IMG-20200616-WA0013-150x150.jpg 150w, https:\/\/www.monzalecco.lombardia.cisl.it\/wp-content\/uploads\/2020\/06\/IMG-20200616-WA0013-510x510.jpg 510w\" \/><div class=\"post-action btn btn-skin-dark-shaded inverted\"><a href=\"https:\/\/www.monzalecco.lombardia.cisl.it\/wp-content\/uploads\/2020\/06\/IMG-20200616-WA0013.jpg\" class=\"icn-expand\" data-lb-type=\"grouped-gallery\"><\/a><\/div>\r\n                        <\/div><\/figure><figure class='gallery-item col col-auto'>\r\n                        <div class='gallery-icon portrait czr-gallery-icon'>\r\n                              <a href=https:\/\/www.monzalecco.lombardia.cisl.it\/?attachment_id=7792 class=\"bg-link\"><\/a><img loading=\"lazy\" decoding=\"async\" width=\"150\" height=\"150\" src=\"https:\/\/www.monzalecco.lombardia.cisl.it\/wp-content\/uploads\/2020\/06\/IMG-20200616-WA0014-150x150.jpg\" class=\"attachment-thumbnail size-thumbnail\" alt=\"\" sizes=\"auto, (min-width: 1200px) 255px, (min-width: 992px) 210px, (min-width: 576px) 150px, calc( 50vw - 30px )\" srcset=\"https:\/\/www.monzalecco.lombardia.cisl.it\/wp-content\/uploads\/2020\/06\/IMG-20200616-WA0014-150x150.jpg 150w, https:\/\/www.monzalecco.lombardia.cisl.it\/wp-content\/uploads\/2020\/06\/IMG-20200616-WA0014-510x510.jpg 510w\" \/><div class=\"post-action btn btn-skin-dark-shaded inverted\"><a href=\"https:\/\/www.monzalecco.lombardia.cisl.it\/wp-content\/uploads\/2020\/06\/IMG-20200616-WA0014.jpg\" class=\"icn-expand\" data-lb-type=\"grouped-gallery\"><\/a><\/div>\r\n                        <\/div><\/figure><figure class='gallery-item col col-auto'>\r\n                        <div class='gallery-icon portrait czr-gallery-icon'>\r\n                              <a href=https:\/\/www.monzalecco.lombardia.cisl.it\/?attachment_id=7793 class=\"bg-link\"><\/a><img loading=\"lazy\" decoding=\"async\" width=\"150\" height=\"150\" src=\"https:\/\/www.monzalecco.lombardia.cisl.it\/wp-content\/uploads\/2020\/06\/IMG-20200616-WA0015-150x150.jpg\" class=\"attachment-thumbnail size-thumbnail\" alt=\"\" sizes=\"auto, (min-width: 1200px) 255px, (min-width: 992px) 210px, (min-width: 576px) 150px, calc( 50vw - 30px )\" srcset=\"https:\/\/www.monzalecco.lombardia.cisl.it\/wp-content\/uploads\/2020\/06\/IMG-20200616-WA0015-150x150.jpg 150w, https:\/\/www.monzalecco.lombardia.cisl.it\/wp-content\/uploads\/2020\/06\/IMG-20200616-WA0015-510x510.jpg 510w\" \/><div class=\"post-action btn btn-skin-dark-shaded inverted\"><a href=\"https:\/\/www.monzalecco.lombardia.cisl.it\/wp-content\/uploads\/2020\/06\/IMG-20200616-WA0015.jpg\" class=\"icn-expand\" data-lb-type=\"grouped-gallery\"><\/a><\/div>\r\n                        <\/div><\/figure><figure class='gallery-item col col-auto'>\r\n                        <div class='gallery-icon portrait czr-gallery-icon'>\r\n                              <a href=https:\/\/www.monzalecco.lombardia.cisl.it\/?attachment_id=7794 class=\"bg-link\"><\/a><img loading=\"lazy\" decoding=\"async\" width=\"150\" height=\"150\" src=\"https:\/\/www.monzalecco.lombardia.cisl.it\/wp-content\/uploads\/2020\/06\/IMG-20200616-WA0016-150x150.jpg\" class=\"attachment-thumbnail size-thumbnail\" alt=\"\" sizes=\"auto, (min-width: 1200px) 255px, (min-width: 992px) 210px, (min-width: 576px) 150px, calc( 50vw - 30px )\" srcset=\"https:\/\/www.monzalecco.lombardia.cisl.it\/wp-content\/uploads\/2020\/06\/IMG-20200616-WA0016-150x150.jpg 150w, https:\/\/www.monzalecco.lombardia.cisl.it\/wp-content\/uploads\/2020\/06\/IMG-20200616-WA0016-510x510.jpg 510w\" \/><div class=\"post-action btn btn-skin-dark-shaded inverted\"><a href=\"https:\/\/www.monzalecco.lombardia.cisl.it\/wp-content\/uploads\/2020\/06\/IMG-20200616-WA0016.jpg\" class=\"icn-expand\" data-lb-type=\"grouped-gallery\"><\/a><\/div>\r\n                        <\/div><\/figure><figure class='gallery-item col col-auto'>\r\n                        <div class='gallery-icon portrait czr-gallery-icon'>\r\n                              <a href=https:\/\/www.monzalecco.lombardia.cisl.it\/?attachment_id=7795 class=\"bg-link\"><\/a><img loading=\"lazy\" decoding=\"async\" width=\"150\" height=\"150\" src=\"https:\/\/www.monzalecco.lombardia.cisl.it\/wp-content\/uploads\/2020\/06\/IMG-20200616-WA0017-150x150.jpg\" class=\"attachment-thumbnail size-thumbnail\" alt=\"\" sizes=\"auto, (min-width: 1200px) 255px, (min-width: 992px) 210px, (min-width: 576px) 150px, calc( 50vw - 30px )\" srcset=\"https:\/\/www.monzalecco.lombardia.cisl.it\/wp-content\/uploads\/2020\/06\/IMG-20200616-WA0017-150x150.jpg 150w, https:\/\/www.monzalecco.lombardia.cisl.it\/wp-content\/uploads\/2020\/06\/IMG-20200616-WA0017-510x510.jpg 510w\" \/><div class=\"post-action btn btn-skin-dark-shaded inverted\"><a href=\"https:\/\/www.monzalecco.lombardia.cisl.it\/wp-content\/uploads\/2020\/06\/IMG-20200616-WA0017.jpg\" class=\"icn-expand\" data-lb-type=\"grouped-gallery\"><\/a><\/div>\r\n                        <\/div><\/figure><figure class='gallery-item col col-auto'>\r\n                        <div class='gallery-icon portrait czr-gallery-icon'>\r\n                              <a href=https:\/\/www.monzalecco.lombardia.cisl.it\/?attachment_id=7796 class=\"bg-link\"><\/a><img loading=\"lazy\" decoding=\"async\" width=\"150\" height=\"150\" src=\"https:\/\/www.monzalecco.lombardia.cisl.it\/wp-content\/uploads\/2020\/06\/IMG-20200616-WA0018-150x150.jpg\" class=\"attachment-thumbnail size-thumbnail\" alt=\"\" sizes=\"auto, (min-width: 1200px) 255px, (min-width: 992px) 210px, (min-width: 576px) 150px, calc( 50vw - 30px )\" srcset=\"https:\/\/www.monzalecco.lombardia.cisl.it\/wp-content\/uploads\/2020\/06\/IMG-20200616-WA0018-150x150.jpg 150w, https:\/\/www.monzalecco.lombardia.cisl.it\/wp-content\/uploads\/2020\/06\/IMG-20200616-WA0018-510x510.jpg 510w\" \/><div class=\"post-action btn btn-skin-dark-shaded inverted\"><a href=\"https:\/\/www.monzalecco.lombardia.cisl.it\/wp-content\/uploads\/2020\/06\/IMG-20200616-WA0018.jpg\" class=\"icn-expand\" data-lb-type=\"grouped-gallery\"><\/a><\/div>\r\n                        <\/div><\/figure><figure class='gallery-item col col-auto'>\r\n                        <div class='gallery-icon portrait czr-gallery-icon'>\r\n                              <a href=https:\/\/www.monzalecco.lombardia.cisl.it\/?attachment_id=7797 class=\"bg-link\"><\/a><img loading=\"lazy\" decoding=\"async\" width=\"150\" height=\"150\" src=\"https:\/\/www.monzalecco.lombardia.cisl.it\/wp-content\/uploads\/2020\/06\/IMG-20200616-WA0019-150x150.jpg\" class=\"attachment-thumbnail size-thumbnail\" alt=\"\" sizes=\"auto, (min-width: 1200px) 255px, (min-width: 992px) 210px, (min-width: 576px) 150px, calc( 50vw - 30px )\" srcset=\"https:\/\/www.monzalecco.lombardia.cisl.it\/wp-content\/uploads\/2020\/06\/IMG-20200616-WA0019-150x150.jpg 150w, https:\/\/www.monzalecco.lombardia.cisl.it\/wp-content\/uploads\/2020\/06\/IMG-20200616-WA0019-510x510.jpg 510w\" \/><div class=\"post-action btn btn-skin-dark-shaded inverted\"><a href=\"https:\/\/www.monzalecco.lombardia.cisl.it\/wp-content\/uploads\/2020\/06\/IMG-20200616-WA0019.jpg\" class=\"icn-expand\" data-lb-type=\"grouped-gallery\"><\/a><\/div>\r\n                        <\/div><\/figure><figure class='gallery-item col col-auto'>\r\n                        <div class='gallery-icon portrait czr-gallery-icon'>\r\n                              <a href=https:\/\/www.monzalecco.lombardia.cisl.it\/?attachment_id=7798 class=\"bg-link\"><\/a><img loading=\"lazy\" decoding=\"async\" width=\"150\" height=\"150\" src=\"https:\/\/www.monzalecco.lombardia.cisl.it\/wp-content\/uploads\/2020\/06\/IMG-20200616-WA0020-150x150.jpg\" class=\"attachment-thumbnail size-thumbnail\" alt=\"\" sizes=\"auto, (min-width: 1200px) 255px, (min-width: 992px) 210px, (min-width: 576px) 150px, calc( 50vw - 30px )\" srcset=\"https:\/\/www.monzalecco.lombardia.cisl.it\/wp-content\/uploads\/2020\/06\/IMG-20200616-WA0020-150x150.jpg 150w, https:\/\/www.monzalecco.lombardia.cisl.it\/wp-content\/uploads\/2020\/06\/IMG-20200616-WA0020-510x510.jpg 510w\" \/><div class=\"post-action btn btn-skin-dark-shaded inverted\"><a href=\"https:\/\/www.monzalecco.lombardia.cisl.it\/wp-content\/uploads\/2020\/06\/IMG-20200616-WA0020.jpg\" class=\"icn-expand\" data-lb-type=\"grouped-gallery\"><\/a><\/div>\r\n                        <\/div><\/figure><figure class='gallery-item col col-auto'>\r\n                        <div class='gallery-icon portrait czr-gallery-icon'>\r\n                              <a href=https:\/\/www.monzalecco.lombardia.cisl.it\/?attachment_id=7799 class=\"bg-link\"><\/a><img loading=\"lazy\" decoding=\"async\" width=\"150\" height=\"150\" src=\"https:\/\/www.monzalecco.lombardia.cisl.it\/wp-content\/uploads\/2020\/06\/IMG-20200616-WA0021-150x150.jpg\" class=\"attachment-thumbnail size-thumbnail\" alt=\"\" sizes=\"auto, (min-width: 1200px) 255px, (min-width: 992px) 210px, (min-width: 576px) 150px, calc( 50vw - 30px )\" srcset=\"https:\/\/www.monzalecco.lombardia.cisl.it\/wp-content\/uploads\/2020\/06\/IMG-20200616-WA0021-150x150.jpg 150w, https:\/\/www.monzalecco.lombardia.cisl.it\/wp-content\/uploads\/2020\/06\/IMG-20200616-WA0021-510x510.jpg 510w\" \/><div class=\"post-action btn btn-skin-dark-shaded inverted\"><a href=\"https:\/\/www.monzalecco.lombardia.cisl.it\/wp-content\/uploads\/2020\/06\/IMG-20200616-WA0021.jpg\" class=\"icn-expand\" data-lb-type=\"grouped-gallery\"><\/a><\/div>\r\n                        <\/div><\/figure>\r\n                  <\/div>\n\n<p>&nbsp;<\/p>\n<p>Lavoratori delle Rsa, pensionati e sindacalisti hanno manifestato questa mattina sotto Palazzo Lombardia per chiedere un nuovo \u201cPatto per la salute\u201d, nel corso del primo dei tre presidi organizzati da Cgil, Cisl e Uil Lombardia, con le Federazioni che rappresentano i pensionati e tutti i lavoratori che a diverso titolo operano nel sistema sanitario e sociosanitario. \u201dLe Rsa non sono ospedali!\u201d e \u201cTestimoni della strage nelle Rsa: oltre 6000 vittime tra gli anziani\u201d gli slogan scanditi nel corso della mattinata.<\/p>\n<p>\u201cSarebbe stato necessario \u2013 affermano Cgil, Cisl e Uil Lombardia \u2013 che Regione Lombardia si occupasse dei circa 60.000 anziani ospiti nelle Rsa lombarde, le persone pi\u00f9 fragili e a rischio, cos\u00ec come di tutti gli operatori del comparto socio sanitario, per tenere l\u2019epidemia fuori dalle strutture o per individuare i casi di infezione e limitare il contagio. Non \u00e8 stato cos\u00ec\u201d.<br \/>\nAlle Rsa, ricordano i sindacati, sono stati dati protocolli di sicurezza inapplicabili e inapplicati:<\/p>\n<ul>\n<li>per tardive e scarse forniture sia di dispositivi di protezione, sia di test per il personale e gli ospiti<\/li>\n<li>per difficolt\u00e0 di attuare soluzioni organizzative anti-contagio, con procedure di sicurezza e di isolamento dei sintomatici<\/li>\n<li>per insufficienti dotazioni organiche che si sono ulteriormente ridotte durante l\u2019emergenza a causa della diffusione del contagio tra il personale delle Rsa.<\/li>\n<\/ul>\n<p>Regione Lombardia ha preteso che gli ospiti sintomatici sopra i 75 anni fossero curati nelle stesse Rsa, deliberando anche di trasferirvi i pazienti ospedalieri positivi al Covid-19. Per gli anziani a casa propria, con o senza sintomi da Covid-19, oppure con scompensi per altre patologie che avrebbero richiesto cure in ospedale, le cose non sono andate meglio, perch\u00e9 nemmeno si \u00e8 realizzato un adeguato potenziamento nel territorio dell\u2019assistenza domiciliare e della continuit\u00e0 assistenziale, peraltro insufficiente anche prima dell\u2019emergenza epidemica.<\/p>\n<p>\u201cCi sono state responsabilit\u00e0 rispetto all\u2019esercizio delle funzioni di indirizzo, controllo e gestione delle Rsa che vanno considerate e sar\u00e0 compito dell\u2019Autorit\u00e0 Giudiziaria accertare e della politica rimediare \u2013 sottolineano Cgil, Cisl e Uil Lombardia -. Ma, prima di tutto, non si devono ripetere gli stessi errori, non vogliamo Rsa trasformate in hospice o \u201clazzaretti\u201d per anziani e nemmeno in reparti ospedalieri. L\u2019anziano che si ammala di Covid-19 deve essere curato in ospedale. Con l\u2019ultima delibera Regione Lombardia si \u00e8 dovuta correggere\u201d.<\/p>\n<p>&#8220;\u00c8 stata una manifestazione molto partecipata e molto sentita &#8211; conclude Beppe Saronni, che ha parlato a nome della Fnp Cisl -. C&#8217;era un clima di rivendicazione vero nei confronti della Regione Lombardia sia per la gestione carente della emergenza Covid-19 sia per il fallimento di un modello di sanit\u00e0 pubblica che ha di fatto eliminato i presidi territoriali. Proseguiremo le iniziative il 13 e il 23 giugno&#8221;.<\/p>\n<h5>LE PROPOSTE DEI SINDACATI<\/h5>\n<ul>\n<li>Maggiori investimenti per innovazione e riorganizzazione dell\u2019offerta sociosanitaria.<\/li>\n<li>La revisione del sistema degli accreditamenti delle strutture sociosanitarie, in particolare per quanto attiene:<br \/>\n\u2013 i modelli organizzativi e di servizio per una maggiore appropriatezza e qualit\u00e0 dell\u2019assistenza, rafforzando gli interventi di prossimit\u00e0 e domiciliarit\u00e0 (residenzialit\u00e0 \u201caperta\u201d e \u201cleggera\u201d)<br \/>\n\u2013 l\u2019adeguamento dei minutaggi di assistenza alla reale complessit\u00e0 assistenziale degli ospiti<br \/>\n\u2013 la ridefinizione delle tariffe riconosciute dal fondo sanitario, che dovrebbero coprire il 50% del costo in Rsa mentre Regione Lombardia resta al di sotto della quota prevista dalla legge a garanzia dei livelli essenziali di assistenza, scaricando l\u2019onere maggiore sulla retta pagata dagli ospiti o dalle loro famiglie.<\/li>\n<li>\nLa riduzione della compartecipazione alla spesa a carico delle famiglie (la retta) che andrebbe regolata secondo criteri di sostenibilit\u00e0 e sopportabilit\u00e0 garantendo uno standard adeguato di servizi.<\/li>\n<li>La tutela dei posti di lavoro, il potenziamento degli organici e la formazione degli operatori.<\/li>\n<\/ul>\n<p>&nbsp;<\/p>\n<p>&nbsp;<\/p>\n","protected":false},"excerpt":{"rendered":"<p>&nbsp; Lavoratori delle Rsa, pensionati e sindacalisti hanno manifestato questa mattina sotto Palazzo Lombardia per chiedere un nuovo \u201cPatto per la salute\u201d, nel corso del primo dei tre presidi organizzati da Cgil, Cisl e Uil Lombardia, con le Federazioni che rappresentano i pensionati e tutti i lavoratori che a diverso titolo operano nel sistema sanitario [&hellip;]<\/p>\n","protected":false},"author":5,"featured_media":0,"comment_status":"closed","ping_status":"open","sticky":false,"template":"","format":"standard","meta":{"footnotes":""},"categories":[1],"tags":[149,100,229,207,353,150],"class_list":{"0":"post-7777","1":"post","2":"type-post","3":"status-publish","4":"format-standard","6":"category-notizie","7":"tag-cgil","8":"tag-lombardia","9":"tag-pensionati","10":"tag-sanita","11":"tag-sanita-pubblica","12":"tag-uil","13":"czr-hentry"},"_links":{"self":[{"href":"https:\/\/www.monzalecco.lombardia.cisl.it\/index.php?rest_route=\/wp\/v2\/posts\/7777","targetHints":{"allow":["GET"]}}],"collection":[{"href":"https:\/\/www.monzalecco.lombardia.cisl.it\/index.php?rest_route=\/wp\/v2\/posts"}],"about":[{"href":"https:\/\/www.monzalecco.lombardia.cisl.it\/index.php?rest_route=\/wp\/v2\/types\/post"}],"author":[{"embeddable":true,"href":"https:\/\/www.monzalecco.lombardia.cisl.it\/index.php?rest_route=\/wp\/v2\/users\/5"}],"replies":[{"embeddable":true,"href":"https:\/\/www.monzalecco.lombardia.cisl.it\/index.php?rest_route=%2Fwp%2Fv2%2Fcomments&post=7777"}],"version-history":[{"count":1,"href":"https:\/\/www.monzalecco.lombardia.cisl.it\/index.php?rest_route=\/wp\/v2\/posts\/7777\/revisions"}],"predecessor-version":[{"id":7800,"href":"https:\/\/www.monzalecco.lombardia.cisl.it\/index.php?rest_route=\/wp\/v2\/posts\/7777\/revisions\/7800"}],"wp:attachment":[{"href":"https:\/\/www.monzalecco.lombardia.cisl.it\/index.php?rest_route=%2Fwp%2Fv2%2Fmedia&parent=7777"}],"wp:term":[{"taxonomy":"category","embeddable":true,"href":"https:\/\/www.monzalecco.lombardia.cisl.it\/index.php?rest_route=%2Fwp%2Fv2%2Fcategories&post=7777"},{"taxonomy":"post_tag","embeddable":true,"href":"https:\/\/www.monzalecco.lombardia.cisl.it\/index.php?rest_route=%2Fwp%2Fv2%2Ftags&post=7777"}],"curies":[{"name":"wp","href":"https:\/\/api.w.org\/{rel}","templated":true}]}}