{"id":7801,"date":"2020-06-16T15:55:30","date_gmt":"2020-06-16T13:55:30","guid":{"rendered":"https:\/\/www.monzalecco.lombardia.cisl.it\/?p=7801"},"modified":"2020-06-17T17:36:30","modified_gmt":"2020-06-17T15:36:30","slug":"lecco-e-lo-tsunami-covid-19","status":"publish","type":"post","link":"https:\/\/www.monzalecco.lombardia.cisl.it\/?p=7801","title":{"rendered":"Lecco e lo tsunami <br> Covid-19 <\/br>"},"content":{"rendered":"<p>Si \u00e8 svolta questa mattina presso la sede della Cisl di Lecco la conferenza stampa dedicata all\u2019andamento del mercato del lavoro nel Lecchese in epoca Covid-19 e ai conseguenti problemi occupazionali.<\/p>\n<p>Sono intervenuti: Rita Pavan, segretaria generale Cisl Monza Brianza Lecco, e Enzo Mesagna, responsabile del dipartimento sul mercato del lavoro della Cisl.<\/p>\n<p>\u00abSino a fine 2019 nel Lecchese la situazione economica era positiva \u2013 ha esordito Rita Pavan &#8211; e, come ormai da parecchi anni, gli avviamenti al lavoro superavano le cessazioni. Con lo &#8220;tsunami&#8221; della pandemia Covid 19 questa situazione si \u00e8 ribaltata\u00bb.<\/p>\n<p>La segretaria generale si \u00e8 poi focalizzata su alcuni dati molto esplicativi: \u00abSecondo la banca dati di Regione Lombardia ed il sito Inps, le cessazioni dei rapporti di lavoro avevano un segno negativo gi\u00e0 nel primo trimestre 2020, rispetto al primo trimestre del 2019; le cessazioni di rapporti di lavoro erano infatti aumentate del 6%. Ad aprile c\u2019\u00e8 stata un&#8217;autentica esplosione: le cessazioni sono aumentate del 126% rispetto al trimestre gennaio-febbraio-marzo 2020. Le cessazioni sono praticamente il doppio degli avviamenti nel primo quadrimestre 2020: 16348 cessazioni contro 8510 avviamenti\u00bb. Altro dato significativo \u00e8 la cassa integrazione: \u00abConsiderando le tipologie di cassa di cui si hanno i dati (CIGO, Cassa integrazione Ordinaria, CIGD, cassa integrazione in deroga, e CIGS, Cassa integrazione straordinaria) e tenendo presente che mancano quelli del settore agricolo, artigiano e parti del commercio, nel primo quadrimestre 2020 l&#8217;aumento delle ore richieste di cassa da parte delle imprese, rispetto allo stesso periodo del 2019, \u00e8 di un pi\u00f9 364%\u00bb.<\/p>\n<p>E\u2019 evidente che la situazione \u00e8 molto preoccupante e per questo la Cisl la sta seguendo con grande attenzione: \u00abIl sindacato \u2013 continua Rita Pavan &#8211; ha chiesto a livello nazionale la proroga del divieto di licenziamento, nonch\u00e9 l&#8217;individuazione di ulteriori risorse per prorogare sino a fine anno gli ammortizzatori sociali (andando quindi oltre le 18 settimane di cassa con causale Covid sinora definite). Questo per arginare il contraccolpo occupazionale e tentare nel frattempo una ripresa\u00bb.<\/p>\n<p>Enzo Mesagna \u00e8 entrato nel merito dell\u2019attuale situazione, elencando i numeri di una crisi senza precedenti: \u00abVorrei innanzitutto ricordare \u201ccome eravamo\u201d prima dell\u2019emergenza sanitaria. Nel 2019 sembravamo fuori dalla crisi economica: nella nostra provincia avevamo 151 mila occupati (68,9%) ed un tasso di disoccupazione del 5,3%. Poi \u00e8 arrivato il Covid e tutto \u00e8 precipitato, come indicano questi dati:<\/p>\n<p><strong>Cassa integrazione<\/strong><\/p>\n<p>In questi mesi del 2020 sono state autorizzate 8.829.832 ore di cassa integrazione ordinaria (1.357.031 nel 2019); 368.086 ore di cassa integrazione straordinaria (646.525 nel 2019) e 96.649 ore di cassa integrazione in deroga (31 nel 2019).<\/p>\n<p>In sintesi 1 lavoratore su 3 \u00e8 stato toccato dalla cassa integrazione.<\/p>\n<p>Il settore maggiormente interessato \u00e8 stato il manifatturiero (7.912.878 ore), seguono le costruzioni (819.872 ore) e il commercio e turismo (285.652 ore ),<\/p>\n<p><strong>Mercato del lavoro<\/strong><\/p>\n<p>Nel primo quadrimestre del 2020 ci sono stati 8510 avviamenti contri 16348 cessazioni.<\/p>\n<p>I contratti maggiormente colpiti sono stati quelli a tempo determinato (3890 avviamenti contro 10.818 cessazioni) e i somministrati (1581 avviamenti contro 2362 cessazioni). Leggermente positivo l\u2019apprendistato (367 avviamenti contro 233 cessazioni).<\/p>\n<p>I settori maggiormente coinvolti sono stati:<\/p>\n<p>Industria (2870 avviamenti contr 4764 cessazioni)<\/p>\n<p>Costruzioni (364 avviamenti contro 727 cessazioni)<\/p>\n<p>Commercio Servizi (4985 avviamenti contro 10.574 cessazioni).<\/p>\n<p>La segretaria Rita Pavan ha concluso la conferenza stampa indicando le parole chiave delle proposte sindacali:<\/p>\n<p>\u00abCi vogliono innanzitutto liquidit\u00e0 e risorse per le imprese e per i lavoratori. Vanno bene le iniziative \u201ctampone\u201d per arginare la crisi ma bisogna anche lavorare alla ripresa altrimenti non si potr\u00e0 andare avanti. E\u2019 poi fondamentale sbloccare gli investimenti e le grandi opere gi\u00e0 definite, puntando sulle infrastrutture materiali e immateriali e sul sostegno all&#8217;innovazione. Per questi due primi punti saranno necessari gli aiuti dell\u2019Europa che il nostro Paese dovr\u00e0 usare per i futuri investimenti. Bisogner\u00e0, poi, progettare il cambiamento (nelle imprese e nel territorio) superando le criticit\u00e0 che il periodo di pandemia ha messo in luce. Vanno ripensati temi essenziali come: la flessibilit\u00e0, lo smart working, la conciliazione vita lavoro, i trasporti, l\u2019erogazione dei servizi, l\u2019economia circolare. Infine, va data la giusta priorit\u00e0 all\u2019istruzione e alla formazione continua. In vista dei contraccolpi occupazionali ci vogliono pi\u00f9 incisive politiche attive per il lavoro ed \u00e8 importante puntare sulla formazione. Rafforzare le competenze dei lavoratori \u00e8 strategico anche per le aziende\u00bb.<\/p>\n<p><em>Nella foto: Enzo Mesagna e Rita Pavan<\/em><\/p>\n","protected":false},"excerpt":{"rendered":"<p>Si \u00e8 svolta questa mattina presso la sede della Cisl di Lecco la conferenza stampa dedicata all\u2019andamento del mercato del lavoro nel Lecchese in epoca Covid-19 e ai conseguenti problemi occupazionali. Sono intervenuti: Rita Pavan, segretaria generale Cisl Monza Brianza Lecco, e Enzo Mesagna, responsabile del dipartimento sul mercato del lavoro della Cisl. \u00abSino a [&hellip;]<\/p>\n","protected":false},"author":5,"featured_media":7802,"comment_status":"closed","ping_status":"open","sticky":false,"template":"","format":"standard","meta":{"footnotes":""},"categories":[1],"tags":[95,406],"class_list":{"0":"post-7801","1":"post","2":"type-post","3":"status-publish","4":"format-standard","5":"has-post-thumbnail","7":"category-notizie","8":"tag-lecco","9":"tag-mercato-del-lavoro","10":"czr-hentry"},"_links":{"self":[{"href":"https:\/\/www.monzalecco.lombardia.cisl.it\/index.php?rest_route=\/wp\/v2\/posts\/7801","targetHints":{"allow":["GET"]}}],"collection":[{"href":"https:\/\/www.monzalecco.lombardia.cisl.it\/index.php?rest_route=\/wp\/v2\/posts"}],"about":[{"href":"https:\/\/www.monzalecco.lombardia.cisl.it\/index.php?rest_route=\/wp\/v2\/types\/post"}],"author":[{"embeddable":true,"href":"https:\/\/www.monzalecco.lombardia.cisl.it\/index.php?rest_route=\/wp\/v2\/users\/5"}],"replies":[{"embeddable":true,"href":"https:\/\/www.monzalecco.lombardia.cisl.it\/index.php?rest_route=%2Fwp%2Fv2%2Fcomments&post=7801"}],"version-history":[{"count":5,"href":"https:\/\/www.monzalecco.lombardia.cisl.it\/index.php?rest_route=\/wp\/v2\/posts\/7801\/revisions"}],"predecessor-version":[{"id":7825,"href":"https:\/\/www.monzalecco.lombardia.cisl.it\/index.php?rest_route=\/wp\/v2\/posts\/7801\/revisions\/7825"}],"wp:featuredmedia":[{"embeddable":true,"href":"https:\/\/www.monzalecco.lombardia.cisl.it\/index.php?rest_route=\/wp\/v2\/media\/7802"}],"wp:attachment":[{"href":"https:\/\/www.monzalecco.lombardia.cisl.it\/index.php?rest_route=%2Fwp%2Fv2%2Fmedia&parent=7801"}],"wp:term":[{"taxonomy":"category","embeddable":true,"href":"https:\/\/www.monzalecco.lombardia.cisl.it\/index.php?rest_route=%2Fwp%2Fv2%2Fcategories&post=7801"},{"taxonomy":"post_tag","embeddable":true,"href":"https:\/\/www.monzalecco.lombardia.cisl.it\/index.php?rest_route=%2Fwp%2Fv2%2Ftags&post=7801"}],"curies":[{"name":"wp","href":"https:\/\/api.w.org\/{rel}","templated":true}]}}