{"id":7860,"date":"2020-06-23T18:23:10","date_gmt":"2020-06-23T16:23:10","guid":{"rendered":"https:\/\/www.monzalecco.lombardia.cisl.it\/?p=7860"},"modified":"2020-06-23T18:23:10","modified_gmt":"2020-06-23T16:23:10","slug":"sanita-serve-un-confronto-permanente","status":"publish","type":"post","link":"https:\/\/www.monzalecco.lombardia.cisl.it\/?p=7860","title":{"rendered":"Sanit\u00e0, serve un confronto permanente"},"content":{"rendered":"<p>Non pu\u00f2 esserci futuro per la sanit\u00e0 lombarda senza un ripensamento del ruolo e delle funzioni del sistema ospedaliero. Lo hanno ribadito questa mattina Cgil, Cisl e Uil Lombardia, scesi nuovamente in piazza sotto Palazzo Lombardia per chiedere l\u2019apertura di un tavolo permanente di confronto con la Presidenza della Regione e stringere un nuovo \u201cPatto per la salute\u201d, che rilanci la sanit\u00e0 pubblica e la medicina del territorio.<\/p>\n<p>Organizzato con le Federazioni che rappresentano i pensionati e tutti i lavoratori che a diverso titolo operano nel sistema sanitario e sociosanitario, il presidio ha chiuso il cerchio della mobilitazione avviata il\u00a016 giugno con la manifestazione sulle Rsa\u00a0e proseguita il\u00a019 con quella sui distretti.<br \/>\nNel corso degli interventi che si sono alternati nella mattinata, i sindacati hanno ricordato i gravi limiti del sistema ospedaliero, drammaticamente evidenziati dalla pandemia.<\/p>\n<p>\u201cPresidente Fontana, apra la finestra: cos\u00ec non va \u2013 ha detto\u00a0il segretario generale della Cisl Lombardia, Ugo Duci, nell\u2019intervento conclusivo -. Questa riforma che ha ormai 5 anni ha praticamente fallito e va rivista profondamente\u201d.<br \/>\n\u201cNel 2014 Cgil, Cisl e Uil con il suo predecessore, il presidente Maroni, avevano firmato un accordo importante, completo: c\u2019era tutto quello che serviva per migliorare quel che non funzionava nella nostra sanit\u00e0 \u2013 ha ricordato Duci -. Ma di quell\u2019accordo nella legge 23 \u00e8 stato inserito poco o nulla. A distanza di 5 anni i risultati sono sotto gli occhi di tutti. Non serviva la pandemia per accorgersi che anche la tanto osannata sanit\u00e0 ospedaliera lombarda stava velocemente smarrendo la sua decantata eccellenza\u201d.<\/p>\n<p>Domani i segretari generali di Cgil Cisl Uil Lombardia incontreranno il presidente di Regione Lombardia Attilio Fontana, presenteranno le proposte sindacali con la richiesta di istituire un confronto permanente.<\/p>\n<p>\u201cPresidente, prendiamo atto con favore della convocazione per domani alle 14, ci volevano tre presidi di seguito per essere convocati. Due milioni di famiglie che non hanno nessun interesse economico o di profitto nella sanit\u00e0 si sono dovute mobilitare per tre volte per essere accettate a corte \u2013 ha sottolineato il segretario generale della Cisl Lombardia chiudendo il suo intervento -. Ci aspettiamo che ci proponga un tavola permanente per un nuovo \u201cPatto per la salute\u201d dei lombardi, ma che sia un tavolo vero, serio, onesto, leale, che ci porti a condividere una vera e necessaria ristrutturazione del sistema sanitario che a differenza di 5 anni fa diventi davvero legge per la Lombardia. Perch\u00e9 se cos\u00ec non sar\u00e0 ritorneremo in piazza per dire una volta per tutte: andate a casa!!\u201d.<\/p>\n<p>&nbsp;<\/p>\n<p><a href=\"https:\/\/lombardia.cisl.it\/wp-content\/uploads\/2020\/06\/volantino-Presidio-23-giugno.pdf\">LE PROPOSTE DI CGIL, CISL E UIL LOMBARDIA SULLA RIORGANIZZAZIONE DEL SISTEMA OSPEDALIERO<\/a><\/p>\n","protected":false},"excerpt":{"rendered":"<p>Non pu\u00f2 esserci futuro per la sanit\u00e0 lombarda senza un ripensamento del ruolo e delle funzioni del sistema ospedaliero. Lo hanno ribadito questa mattina Cgil, Cisl e Uil Lombardia, scesi nuovamente in piazza sotto Palazzo Lombardia per chiedere l\u2019apertura di un tavolo permanente di confronto con la Presidenza della Regione e stringere un nuovo \u201cPatto [&hellip;]<\/p>\n","protected":false},"author":5,"featured_media":7861,"comment_status":"closed","ping_status":"open","sticky":false,"template":"","format":"standard","meta":{"footnotes":""},"categories":[1],"tags":[100,207],"class_list":{"0":"post-7860","1":"post","2":"type-post","3":"status-publish","4":"format-standard","5":"has-post-thumbnail","7":"category-notizie","8":"tag-lombardia","9":"tag-sanita","10":"czr-hentry"},"_links":{"self":[{"href":"https:\/\/www.monzalecco.lombardia.cisl.it\/index.php?rest_route=\/wp\/v2\/posts\/7860","targetHints":{"allow":["GET"]}}],"collection":[{"href":"https:\/\/www.monzalecco.lombardia.cisl.it\/index.php?rest_route=\/wp\/v2\/posts"}],"about":[{"href":"https:\/\/www.monzalecco.lombardia.cisl.it\/index.php?rest_route=\/wp\/v2\/types\/post"}],"author":[{"embeddable":true,"href":"https:\/\/www.monzalecco.lombardia.cisl.it\/index.php?rest_route=\/wp\/v2\/users\/5"}],"replies":[{"embeddable":true,"href":"https:\/\/www.monzalecco.lombardia.cisl.it\/index.php?rest_route=%2Fwp%2Fv2%2Fcomments&post=7860"}],"version-history":[{"count":1,"href":"https:\/\/www.monzalecco.lombardia.cisl.it\/index.php?rest_route=\/wp\/v2\/posts\/7860\/revisions"}],"predecessor-version":[{"id":7862,"href":"https:\/\/www.monzalecco.lombardia.cisl.it\/index.php?rest_route=\/wp\/v2\/posts\/7860\/revisions\/7862"}],"wp:featuredmedia":[{"embeddable":true,"href":"https:\/\/www.monzalecco.lombardia.cisl.it\/index.php?rest_route=\/wp\/v2\/media\/7861"}],"wp:attachment":[{"href":"https:\/\/www.monzalecco.lombardia.cisl.it\/index.php?rest_route=%2Fwp%2Fv2%2Fmedia&parent=7860"}],"wp:term":[{"taxonomy":"category","embeddable":true,"href":"https:\/\/www.monzalecco.lombardia.cisl.it\/index.php?rest_route=%2Fwp%2Fv2%2Fcategories&post=7860"},{"taxonomy":"post_tag","embeddable":true,"href":"https:\/\/www.monzalecco.lombardia.cisl.it\/index.php?rest_route=%2Fwp%2Fv2%2Ftags&post=7860"}],"curies":[{"name":"wp","href":"https:\/\/api.w.org\/{rel}","templated":true}]}}