{"id":7957,"date":"2020-07-13T15:31:46","date_gmt":"2020-07-13T13:31:46","guid":{"rendered":"https:\/\/www.monzalecco.lombardia.cisl.it\/?p=7957"},"modified":"2020-07-13T15:30:52","modified_gmt":"2020-07-13T13:30:52","slug":"benaglia-un-brianzolo-alla-guida-della-fim","status":"publish","type":"post","link":"https:\/\/www.monzalecco.lombardia.cisl.it\/?p=7957","title":{"rendered":"Benaglia, un brianzolo alla guida della Fim"},"content":{"rendered":"<p>Roberto Benaglia \u00e8 stato eletto segretario generale della Fim Cisl. Sebbene viva a Bergamo da alcuni anni, Benaglia \u00e8 un brianzolo doc e proviene da una famiglia che ha fatto la storia del sindacato in Brianza e non solo.<\/p>\n<p>Pap\u00e0 Luigi \u00e8 stato uno storico delegato della Fim Cisl alle acciaierie Falck di Arcore. Lo zio Giuseppe \u00e8 stato uno dei delegati di spicco della Fim Cisl alla Falck di Arcore e Milano e, negli anni Settanta, \u00e8 stato l\u2019unico membro non operatore a tempo pieno del consiglio generale nazionale della Fim (voluto dall\u2019allora segretario generale Pierre Carniti). Giuseppe e Luigi (venuto a mancare qualche anno fa) sono rimasti nel sindacato anche dopo la pensione. Giuseppe \u00e8 diventato segretario generale della Fnp Cisl Brianza tra gli anni Novanta e Duemila.<\/p>\n<p>Roberto Benaglia, 58 anni, \u00e8 entrato nel sindacato giovanissimo. Prima dell\u2019elezione a leader Fim \u00e8 stato segretario nazionale della Fai Cisl, la categoria frutto della fusione delle federazioni dell\u2019industria alimentare e dell\u2019agricoltura e, in precedenza, \u00e8 stato coordinatore delle politiche contrattuali per la confederazione di Via Po. Ha maturato una lunga carriera prima nella categoria dell\u2019industria alimentare, la Fat Cisl dove ha ricoperto il ruolo di segretario nazionale (partendo dall\u2019allora sede di via Appiani a Monza) e, successivamente, come segretario generale della Fim Cisl Lombardia, per poi diventare segretario regionale della Cisl Lombardia guidata all\u2019epoca da Gigi Petteni.<\/p>\n<p>Benaglia \u00e8 persona molto preparata e con grande esperienza contrattuale. Ha un ottimo rapporto con i delegati ed \u00e8 molto stimato nel mondo sindacale.<\/p>\n","protected":false},"excerpt":{"rendered":"<p>Roberto Benaglia \u00e8 stato eletto segretario generale della Fim Cisl. Sebbene viva a Bergamo da alcuni anni, Benaglia \u00e8 un brianzolo doc e proviene da una famiglia che ha fatto la storia del sindacato in Brianza e non solo. Pap\u00e0 Luigi \u00e8 stato uno storico delegato della Fim Cisl alle acciaierie Falck di Arcore. Lo [&hellip;]<\/p>\n","protected":false},"author":5,"featured_media":7958,"comment_status":"closed","ping_status":"open","sticky":false,"template":"","format":"standard","meta":{"footnotes":""},"categories":[1],"tags":[68,27,573],"class_list":{"0":"post-7957","1":"post","2":"type-post","3":"status-publish","4":"format-standard","5":"has-post-thumbnail","7":"category-notizie","8":"tag-fai","9":"tag-fim","10":"tag-roberto-benaglia","11":"czr-hentry"},"_links":{"self":[{"href":"https:\/\/www.monzalecco.lombardia.cisl.it\/index.php?rest_route=\/wp\/v2\/posts\/7957","targetHints":{"allow":["GET"]}}],"collection":[{"href":"https:\/\/www.monzalecco.lombardia.cisl.it\/index.php?rest_route=\/wp\/v2\/posts"}],"about":[{"href":"https:\/\/www.monzalecco.lombardia.cisl.it\/index.php?rest_route=\/wp\/v2\/types\/post"}],"author":[{"embeddable":true,"href":"https:\/\/www.monzalecco.lombardia.cisl.it\/index.php?rest_route=\/wp\/v2\/users\/5"}],"replies":[{"embeddable":true,"href":"https:\/\/www.monzalecco.lombardia.cisl.it\/index.php?rest_route=%2Fwp%2Fv2%2Fcomments&post=7957"}],"version-history":[{"count":1,"href":"https:\/\/www.monzalecco.lombardia.cisl.it\/index.php?rest_route=\/wp\/v2\/posts\/7957\/revisions"}],"predecessor-version":[{"id":7959,"href":"https:\/\/www.monzalecco.lombardia.cisl.it\/index.php?rest_route=\/wp\/v2\/posts\/7957\/revisions\/7959"}],"wp:featuredmedia":[{"embeddable":true,"href":"https:\/\/www.monzalecco.lombardia.cisl.it\/index.php?rest_route=\/wp\/v2\/media\/7958"}],"wp:attachment":[{"href":"https:\/\/www.monzalecco.lombardia.cisl.it\/index.php?rest_route=%2Fwp%2Fv2%2Fmedia&parent=7957"}],"wp:term":[{"taxonomy":"category","embeddable":true,"href":"https:\/\/www.monzalecco.lombardia.cisl.it\/index.php?rest_route=%2Fwp%2Fv2%2Fcategories&post=7957"},{"taxonomy":"post_tag","embeddable":true,"href":"https:\/\/www.monzalecco.lombardia.cisl.it\/index.php?rest_route=%2Fwp%2Fv2%2Ftags&post=7957"}],"curies":[{"name":"wp","href":"https:\/\/api.w.org\/{rel}","templated":true}]}}